{"id":60631,"date":"2019-01-28T13:09:27","date_gmt":"2019-01-28T19:09:27","guid":{"rendered":"https:\/\/radiowebmx.com\/nota\/?p=60631"},"modified":"2019-01-28T13:09:27","modified_gmt":"2019-01-28T19:09:27","slug":"talleres-platicas-y-mas-en-la-feria-de-adopcion","status":"publish","type":"post","link":"https:\/\/radiowebmx.com\/nota\/talleres-platicas-y-mas-en-la-feria-de-adopcion\/","title":{"rendered":"Talleres, pl\u00e1ticas y m\u00e1s, en la Feria de Adopci\u00f3n"},"content":{"rendered":"<p>&#8211; Se realizar\u00e1 el 27 de enero en la Plaza de Armas.<\/p>\n<p>&#8211; Se pondr\u00e1n en adopci\u00f3n 15 perros.<\/p>\n<p>&nbsp;<\/p>\n<p>Con el prop\u00f3sito de continuar fomentando el respeto a la vida animal, el Ayuntamiento de Morelia que preside el Alcalde, Ra\u00fal Mor\u00f3n Orozco, invita a la ciudadan\u00eda a participar en la pr\u00f3xima Feria de Adopci\u00f3n.<\/p>\n<p>Ram\u00f3n Baltierra S\u00e1nchez, Secretario de Servicios P\u00fablicos Municipales, inform\u00f3 que esta actividad se realizar\u00e1 el domingo 27 de enero en la Plaza de Armas, de las 10:00 a las 14:00 horas.<\/p>\n<p>Detall\u00f3 que en este espacio, 15 perros tendr\u00e1n la oportunidad de encontrar un hogar y recibir todas las atenciones y cuidados dentro de un familia.<\/p>\n<p>Agreg\u00f3 que adem\u00e1s habr\u00e1 m\u00f3dulos de vacunaci\u00f3n antirr\u00e1bica cuyos servicios ser\u00e1n totalmente gratuitos, asimismo se impartir\u00e1 una pl\u00e1tica con el tema &#8220;\u00bfQu\u00e9 implica tener un perro o gato como animal de compa\u00f1\u00eda?&#8221; y los talleres &#8220;Paseo sin jalones&#8221; y &#8220;Entrenamiento Positivo&#8221;.<\/p>\n<p>Baltierra S\u00e1nchez, explic\u00f3 que en el caso del taller Paseo sin jalones, se requerir\u00e1 que los asistentes lleven pechera, correa larga de 5 metros y el premio favorito del perro.<\/p>\n<p>Subray\u00f3 que el programa de la Feria de Adopci\u00f3n fue dise\u00f1ado para incentivar la convivencia y, sobre todo, el respeto a la vida animal, ya que este es una de los objetivos importantes de la administraci\u00f3n.<\/p>\n","protected":false},"excerpt":{"rendered":"<p>&#8211; Se realizar\u00e1 el 27 de enero en la Plaza de Armas. &#8211; Se pondr\u00e1n en adopci\u00f3n 15 perros. &nbsp; Con el prop\u00f3sito de continuar fomentando el respeto a la vida animal, el Ayuntamiento de Morelia que preside el Alcalde, Ra\u00fal Mor\u00f3n Orozco, invita a la ciudadan\u00eda a participar en la pr\u00f3xima Feria de Adopci\u00f3n. [&hellip;]<\/p>\n","protected":false},"author":2,"featured_media":60633,"comment_status":"closed","ping_status":"closed","sticky":false,"template":"","format":"standard","meta":{"footnotes":""},"categories":[9],"tags":[],"class_list":["post-60631","post","type-post","status-publish","format-standard","has-post-thumbnail","hentry","category-morelia"],"_links":{"self":[{"href":"https:\/\/radiowebmx.com\/nota\/wp-json\/wp\/v2\/posts\/60631","targetHints":{"allow":["GET"]}}],"collection":[{"href":"https:\/\/radiowebmx.com\/nota\/wp-json\/wp\/v2\/posts"}],"about":[{"href":"https:\/\/radiowebmx.com\/nota\/wp-json\/wp\/v2\/types\/post"}],"author":[{"embeddable":true,"href":"https:\/\/radiowebmx.com\/nota\/wp-json\/wp\/v2\/users\/2"}],"replies":[{"embeddable":true,"href":"https:\/\/radiowebmx.com\/nota\/wp-json\/wp\/v2\/comments?post=60631"}],"version-history":[{"count":1,"href":"https:\/\/radiowebmx.com\/nota\/wp-json\/wp\/v2\/posts\/60631\/revisions"}],"predecessor-version":[{"id":60634,"href":"https:\/\/radiowebmx.com\/nota\/wp-json\/wp\/v2\/posts\/60631\/revisions\/60634"}],"wp:featuredmedia":[{"embeddable":true,"href":"https:\/\/radiowebmx.com\/nota\/wp-json\/wp\/v2\/media\/60633"}],"wp:attachment":[{"href":"https:\/\/radiowebmx.com\/nota\/wp-json\/wp\/v2\/media?parent=60631"}],"wp:term":[{"taxonomy":"category","embeddable":true,"href":"https:\/\/radiowebmx.com\/nota\/wp-json\/wp\/v2\/categories?post=60631"},{"taxonomy":"post_tag","embeddable":true,"href":"https:\/\/radiowebmx.com\/nota\/wp-json\/wp\/v2\/tags?post=60631"}],"curies":[{"name":"wp","href":"https:\/\/api.w.org\/{rel}","templated":true}]}}