{"id":60621,"date":"2019-01-28T13:00:07","date_gmt":"2019-01-28T19:00:07","guid":{"rendered":"https:\/\/radiowebmx.com\/nota\/?p=60621"},"modified":"2019-01-28T13:00:07","modified_gmt":"2019-01-28T19:00:07","slug":"ayuntamiento-de-morelia-recibe-donativo-del-congreso-local-en-apoyo-a-damnificados-por-las-contingencias","status":"publish","type":"post","link":"https:\/\/radiowebmx.com\/nota\/ayuntamiento-de-morelia-recibe-donativo-del-congreso-local-en-apoyo-a-damnificados-por-las-contingencias\/","title":{"rendered":"Ayuntamiento de Morelia recibe donativo del Congreso Local en apoyo a damnificados por las contingencias"},"content":{"rendered":"<p>\u2022 El alcalde, Ra\u00fal Mor\u00f3n recibi\u00f3 los recursos de manos del Presidente de la Junta de Coordinaci\u00f3n Pol\u00edtica del Legislativo Estatal<\/p>\n<p>&nbsp;<\/p>\n<p>&nbsp;<\/p>\n<p>El presidente municipal, Ra\u00fal Mor\u00f3n Orozco sostuvo una reuni\u00f3n con integrantes del Congreso del Estado, en la cual se recibi\u00f3 un donativo de un monto de 420 mil pesos para apoyar las acciones municipales para ayudar a los damnificados que dejaron las precipitaciones pluviales en octubre del 2018.<\/p>\n<p>El alcalde, Ra\u00fal Mor\u00f3n Orozco recibi\u00f3 del presidente de la Junta de Coordinaci\u00f3n Pol\u00edtica en el Congreso del Estado, Alfredo Ram\u00edrez Bedolla estos recursos, donativo de los 40 diputados locales, lo cual dijo servir\u00e1n para seguir apoyando a los damnificados.<\/p>\n<p>Explic\u00f3 que el Ayuntamiento de Morelia ha realizado diferentes estrategias para apoyar a las familias en las colonias damnificadas y se ha recibido apoyo de distintos sectores de la sociedad y de los \u00f3rdenes de gobierno federal y estatal, pero a\u00fan falta.<\/p>\n<p>Mor\u00f3n Orozco trajo a cuenta que se hizo el compromiso a los morelianos que la situaci\u00f3n de contingencia no se volver\u00e1 a vivir en el municipio dado que todas las \u00e1reas municipales siguen con acciones de prevenci\u00f3n y se mantendr\u00e1n as\u00ed en beneficio de la poblaci\u00f3n.<\/p>\n<p>El presidente municipal, Ra\u00fal Mor\u00f3n inform\u00f3 que se contin\u00faa con la entrega de enseres dom\u00e9sticos y en la revisi\u00f3n de m\u00e1s posibles familias afectadas por los escurrimientos pluviales.<\/p>\n<p>Agradeci\u00f3 a los legisladores michoacanos este gesto de voluntad y sinergia de trabajo en favor de los morelianos.<\/p>\n","protected":false},"excerpt":{"rendered":"<p>\u2022 El alcalde, Ra\u00fal Mor\u00f3n recibi\u00f3 los recursos de manos del Presidente de la Junta de Coordinaci\u00f3n Pol\u00edtica del Legislativo Estatal &nbsp; &nbsp; El presidente municipal, Ra\u00fal Mor\u00f3n Orozco sostuvo una reuni\u00f3n con integrantes del Congreso del Estado, en la cual se recibi\u00f3 un donativo de un monto de 420 mil pesos para apoyar las [&hellip;]<\/p>\n","protected":false},"author":2,"featured_media":60623,"comment_status":"closed","ping_status":"closed","sticky":false,"template":"","format":"standard","meta":{"footnotes":""},"categories":[9],"tags":[],"class_list":["post-60621","post","type-post","status-publish","format-standard","has-post-thumbnail","hentry","category-morelia"],"_links":{"self":[{"href":"https:\/\/radiowebmx.com\/nota\/wp-json\/wp\/v2\/posts\/60621","targetHints":{"allow":["GET"]}}],"collection":[{"href":"https:\/\/radiowebmx.com\/nota\/wp-json\/wp\/v2\/posts"}],"about":[{"href":"https:\/\/radiowebmx.com\/nota\/wp-json\/wp\/v2\/types\/post"}],"author":[{"embeddable":true,"href":"https:\/\/radiowebmx.com\/nota\/wp-json\/wp\/v2\/users\/2"}],"replies":[{"embeddable":true,"href":"https:\/\/radiowebmx.com\/nota\/wp-json\/wp\/v2\/comments?post=60621"}],"version-history":[{"count":2,"href":"https:\/\/radiowebmx.com\/nota\/wp-json\/wp\/v2\/posts\/60621\/revisions"}],"predecessor-version":[{"id":60624,"href":"https:\/\/radiowebmx.com\/nota\/wp-json\/wp\/v2\/posts\/60621\/revisions\/60624"}],"wp:featuredmedia":[{"embeddable":true,"href":"https:\/\/radiowebmx.com\/nota\/wp-json\/wp\/v2\/media\/60623"}],"wp:attachment":[{"href":"https:\/\/radiowebmx.com\/nota\/wp-json\/wp\/v2\/media?parent=60621"}],"wp:term":[{"taxonomy":"category","embeddable":true,"href":"https:\/\/radiowebmx.com\/nota\/wp-json\/wp\/v2\/categories?post=60621"},{"taxonomy":"post_tag","embeddable":true,"href":"https:\/\/radiowebmx.com\/nota\/wp-json\/wp\/v2\/tags?post=60621"}],"curies":[{"name":"wp","href":"https:\/\/api.w.org\/{rel}","templated":true}]}}