{"id":60603,"date":"2019-01-25T14:03:01","date_gmt":"2019-01-25T20:03:01","guid":{"rendered":"https:\/\/radiowebmx.com\/nota\/?p=60603"},"modified":"2019-01-25T14:03:01","modified_gmt":"2019-01-25T20:03:01","slug":"raul-moron-entabla-dialogo-con-integrantes-de-la-cnte","status":"publish","type":"post","link":"https:\/\/radiowebmx.com\/nota\/raul-moron-entabla-dialogo-con-integrantes-de-la-cnte\/","title":{"rendered":"Ra\u00fal Mor\u00f3n entabla di\u00e1logo con integrantes de la CNTE"},"content":{"rendered":"<p>\u2022 Se solicit\u00f3 no afectar a la ciudadan\u00eda y liberar vialidades e instalaciones municipales<\/p>\n<p>Morelia, Michoac\u00e1n a 25 de enero de 2019- COMUNICADO 394\/2019<\/p>\n<p>&nbsp;<\/p>\n<p>En aras de construir acuerdos que beneficien a la poblaci\u00f3n, el presidente municipal, Ra\u00fal Mor\u00f3n Orozco sostuvo un encuentro con integrantes de la Coordinadora Nacional de Trabajadores de la Educaci\u00f3n (CNTE) que mantienen su protesta en la ciudad a fin de conseguir su remuneraci\u00f3n salarial.<\/p>\n<p>En el patio principal de Palacio Municipal, el Alcalde acompa\u00f1ado del secretario del Ayuntamiento, Humberto Arr\u00f3niz Reyes pidi\u00f3 confianza en el Gobierno Federal y Estatal y en la acci\u00f3n de adelantar participaciones de la federaci\u00f3n para el estado y no afectar a la ciudadan\u00eda con la toma de calles o instalaciones municipales que brindan servicio a la poblaci\u00f3n.<\/p>\n<p>Mor\u00f3n Orozco reiter\u00f3 que existe acercamiento puntual de la federaci\u00f3n con el magisterio michoacano y prueba de ello fue la mesa de trabajo sostenida con el delegado federal de la Secretar\u00eda de Bienestar Social en Michoac\u00e1n, Roberto Pantoja Arzola y los responsables de impulsar la educaci\u00f3n en la entidad, as\u00ed como autoridades estatales.<\/p>\n<p>El presidente municipal, Ra\u00fal Mor\u00f3n pidi\u00f3 confiar que a la brevedad se tenga un resolutivo y se atienda las solicitudes del magisterio michoacano, por lo cual exhort\u00f3 a privilegiar la comunicaci\u00f3n en todo momento.<\/p>\n","protected":false},"excerpt":{"rendered":"<p>\u2022 Se solicit\u00f3 no afectar a la ciudadan\u00eda y liberar vialidades e instalaciones municipales Morelia, Michoac\u00e1n a 25 de enero de 2019- COMUNICADO 394\/2019 &nbsp; En aras de construir acuerdos que beneficien a la poblaci\u00f3n, el presidente municipal, Ra\u00fal Mor\u00f3n Orozco sostuvo un encuentro con integrantes de la Coordinadora Nacional de Trabajadores de la Educaci\u00f3n [&hellip;]<\/p>\n","protected":false},"author":2,"featured_media":60604,"comment_status":"closed","ping_status":"closed","sticky":false,"template":"","format":"standard","meta":{"footnotes":""},"categories":[9],"tags":[],"class_list":["post-60603","post","type-post","status-publish","format-standard","has-post-thumbnail","hentry","category-morelia"],"_links":{"self":[{"href":"https:\/\/radiowebmx.com\/nota\/wp-json\/wp\/v2\/posts\/60603","targetHints":{"allow":["GET"]}}],"collection":[{"href":"https:\/\/radiowebmx.com\/nota\/wp-json\/wp\/v2\/posts"}],"about":[{"href":"https:\/\/radiowebmx.com\/nota\/wp-json\/wp\/v2\/types\/post"}],"author":[{"embeddable":true,"href":"https:\/\/radiowebmx.com\/nota\/wp-json\/wp\/v2\/users\/2"}],"replies":[{"embeddable":true,"href":"https:\/\/radiowebmx.com\/nota\/wp-json\/wp\/v2\/comments?post=60603"}],"version-history":[{"count":1,"href":"https:\/\/radiowebmx.com\/nota\/wp-json\/wp\/v2\/posts\/60603\/revisions"}],"predecessor-version":[{"id":60605,"href":"https:\/\/radiowebmx.com\/nota\/wp-json\/wp\/v2\/posts\/60603\/revisions\/60605"}],"wp:featuredmedia":[{"embeddable":true,"href":"https:\/\/radiowebmx.com\/nota\/wp-json\/wp\/v2\/media\/60604"}],"wp:attachment":[{"href":"https:\/\/radiowebmx.com\/nota\/wp-json\/wp\/v2\/media?parent=60603"}],"wp:term":[{"taxonomy":"category","embeddable":true,"href":"https:\/\/radiowebmx.com\/nota\/wp-json\/wp\/v2\/categories?post=60603"},{"taxonomy":"post_tag","embeddable":true,"href":"https:\/\/radiowebmx.com\/nota\/wp-json\/wp\/v2\/tags?post=60603"}],"curies":[{"name":"wp","href":"https:\/\/api.w.org\/{rel}","templated":true}]}}