{"id":60585,"date":"2019-01-24T18:56:01","date_gmt":"2019-01-25T00:56:01","guid":{"rendered":"https:\/\/radiowebmx.com\/nota\/?p=60585"},"modified":"2019-01-24T18:56:01","modified_gmt":"2019-01-25T00:56:01","slug":"raul-moron-instruye-atender-necesidades-de-ejidatarios-de-san-isidro-itzicuaro","status":"publish","type":"post","link":"https:\/\/radiowebmx.com\/nota\/raul-moron-instruye-atender-necesidades-de-ejidatarios-de-san-isidro-itzicuaro\/","title":{"rendered":"Ra\u00fal Mor\u00f3n instruye atender necesidades de ejidatarios de San Isidro Itz\u00edcuaro"},"content":{"rendered":"<p>\u2022 En reuni\u00f3n de trabajo fueron escuchadas y derivadas las necesidades de dicha poblaci\u00f3n a las \u00e1reas municipales correspondientes<\/p>\n<p>\u2022 Se tendr\u00e1 revisiones de seguimiento a las solicitudes planteadas al Alcalde y su equipo de trabajo<\/p>\n<p>&nbsp;<\/p>\n<p>Morelia, Michoac\u00e1n a 24 de enero de 2019- COMUNICADO 393\/2019<\/p>\n<p>En una reuni\u00f3n con ejidatarios de San Isidro Itz\u00edcuaro, el presidente municipal, Ra\u00fal Mor\u00f3n Orozco escuch\u00f3 e instruy\u00f3 atender las necesidades m\u00e1s apremiantes de esta poblaci\u00f3n.<\/p>\n<p>Acompa\u00f1ado del secretario de Desarrollo Urbano y Obras P\u00fablicas, Sergio Adem Argueta, el secretario de Desarrollo Rural y Medio Ambiente, Jes\u00fas Vergara, la secretaria de Fomento Econ\u00f3mico, Josefina Cendejas Gu\u00edzar, el director del Organismo Operador de Agua Potable, Alcantarillado y Saneamiento de Morelia, Julio Orantes \u00c1valos, el Alcalde encomend\u00f3 diferentes acciones a las \u00e1reas municipales par atender las solicitudes prioritarias de este sector de la ciudadan\u00eda, entre las cuales estuvieron los temas de revisi\u00f3n de infraestructura hidr\u00e1ulica, apoyo en el saneamiento de tierras de cultivo e impulso al sector juvenil con programas federales que podr\u00edan retribuir a su comunidad.<\/p>\n<p>Mor\u00f3n Orozco reiter\u00f3 que los proyectos que se tienen para la ciudad dependen del presupuesto y que estos se desarrollar\u00e1n en los diferentes sectores de la ciudad, as\u00ed como atender\u00e1n las solicitudes ciudadanas m\u00e1s sentidas.<\/p>\n<p>El presidente municipal, Ra\u00fal Mor\u00f3n asegur\u00f3 a los pobladores del Ejido San Isidro Itz\u00edcuaro que una vez escuchadas sus peticiones las diferentes \u00e1reas municipales emprender\u00e1n acciones a las solicitudes y propuso reuniones peri\u00f3dicas para ver el avance de los trabajos instruidos a su gabinete.<\/p>\n","protected":false},"excerpt":{"rendered":"<p>\u2022 En reuni\u00f3n de trabajo fueron escuchadas y derivadas las necesidades de dicha poblaci\u00f3n a las \u00e1reas municipales correspondientes \u2022 Se tendr\u00e1 revisiones de seguimiento a las solicitudes planteadas al Alcalde y su equipo de trabajo &nbsp; Morelia, Michoac\u00e1n a 24 de enero de 2019- COMUNICADO 393\/2019 En una reuni\u00f3n con ejidatarios de San Isidro [&hellip;]<\/p>\n","protected":false},"author":2,"featured_media":60586,"comment_status":"closed","ping_status":"closed","sticky":false,"template":"","format":"standard","meta":{"footnotes":""},"categories":[9],"tags":[],"class_list":["post-60585","post","type-post","status-publish","format-standard","has-post-thumbnail","hentry","category-morelia"],"_links":{"self":[{"href":"https:\/\/radiowebmx.com\/nota\/wp-json\/wp\/v2\/posts\/60585","targetHints":{"allow":["GET"]}}],"collection":[{"href":"https:\/\/radiowebmx.com\/nota\/wp-json\/wp\/v2\/posts"}],"about":[{"href":"https:\/\/radiowebmx.com\/nota\/wp-json\/wp\/v2\/types\/post"}],"author":[{"embeddable":true,"href":"https:\/\/radiowebmx.com\/nota\/wp-json\/wp\/v2\/users\/2"}],"replies":[{"embeddable":true,"href":"https:\/\/radiowebmx.com\/nota\/wp-json\/wp\/v2\/comments?post=60585"}],"version-history":[{"count":1,"href":"https:\/\/radiowebmx.com\/nota\/wp-json\/wp\/v2\/posts\/60585\/revisions"}],"predecessor-version":[{"id":60587,"href":"https:\/\/radiowebmx.com\/nota\/wp-json\/wp\/v2\/posts\/60585\/revisions\/60587"}],"wp:featuredmedia":[{"embeddable":true,"href":"https:\/\/radiowebmx.com\/nota\/wp-json\/wp\/v2\/media\/60586"}],"wp:attachment":[{"href":"https:\/\/radiowebmx.com\/nota\/wp-json\/wp\/v2\/media?parent=60585"}],"wp:term":[{"taxonomy":"category","embeddable":true,"href":"https:\/\/radiowebmx.com\/nota\/wp-json\/wp\/v2\/categories?post=60585"},{"taxonomy":"post_tag","embeddable":true,"href":"https:\/\/radiowebmx.com\/nota\/wp-json\/wp\/v2\/tags?post=60585"}],"curies":[{"name":"wp","href":"https:\/\/api.w.org\/{rel}","templated":true}]}}