{"id":60548,"date":"2019-01-23T17:31:09","date_gmt":"2019-01-23T23:31:09","guid":{"rendered":"https:\/\/radiowebmx.com\/nota\/?p=60548"},"modified":"2019-01-23T17:31:09","modified_gmt":"2019-01-23T23:31:09","slug":"si-asume-su-responsabilidad-el-gobernador-silvano-aureoles-tiene-la-solucion-al-problema-magisterial-en-sus-manos-diputada-laura-granados","status":"publish","type":"post","link":"https:\/\/radiowebmx.com\/nota\/si-asume-su-responsabilidad-el-gobernador-silvano-aureoles-tiene-la-solucion-al-problema-magisterial-en-sus-manos-diputada-laura-granados\/","title":{"rendered":"Si asume su responsabilidad, el gobernador Silvano Aureoles, tiene la soluci\u00f3n al problema magisterial en sus manos: diputada Laura Granados"},"content":{"rendered":"<p>La soluci\u00f3n del problema de adeudos al magisterio michoacano es responsabilidad del gobierno de Michoac\u00e1n y no es posible que a larga distancia y con mensajes en Twitter, el gobernador Silvano Aureoles quiera abordar el tema. Lo que debe hacer es asumir su responsabilidad institucional, sin mentiras, y atender los problemas que generan la ineficiencia e ineficacia de sus \u00e1reas administrativas, consider\u00f3 la diputada Laura Granados Beltr\u00e1n.<\/p>\n<p>La legisladora local de MORENA -con amplia experiencia en la docencia-, explic\u00f3 que el presidente Andr\u00e9s Manuel L\u00f3pez Obrador fue perfectamente claro al negarse a responderle al gobierno de Michoac\u00e1n trav\u00e9s del chantaje y s\u00ed, en cambio, a adelantar 300 millones de pesos de recursos de participaciones federales para que el gobernador Silvano pueda responder al problema generado por ellos mismos.<\/p>\n<p>La diputada por Maravat\u00edo dijo que el presidente ya confirm\u00f3 que la problem\u00e1tica magisterial en Michoac\u00e1n, ya se atiende, para resolver el problema del bloqueo de v\u00edas f\u00e9rreas por parte de las y los maestros que exigen que el gobierno del estado de Michoac\u00e1n el pago de adeudos. El presidente se\u00f1al\u00f3: \u201cNosotros estamos en la mejor disposici\u00f3n de transferir recursos al gobierno de Michoac\u00e1n para que les paguen, pero como un pr\u00e9stamo, como un adelanto a las participaciones federales, porque no queremos resolver problemas as\u00ed\u201d, por la v\u00eda del chantaje pol\u00edtico, sostuvo el presidente.<\/p>\n<p>Laura Granados coincidi\u00f3 con el presidente L\u00f3pez Obrador en que el problema magisterial estatal y los adeudos de este gobierno perredista, son una obligaci\u00f3n del gobierno del estado que ellos tiene que asumir.<\/p>\n<p>Corrobor\u00f3 lo dicho por el presidente en el sentido que el gobierno federal, para desactivar el conflicto, puede destinar 200 o 300 millones de pesos, pero no como una respuesta al chantaje del gobernador sino como atenci\u00f3n institucional a un problema local.<\/p>\n<p>El presidente afirm\u00f3 que no se va a dar respuesta cuando el chantaje es la premisa y la legisladora cit\u00f3 lo dicho por el mandatario: \u201ceso no lo vamos a hacer, y que ya quede claro, no es como se hac\u00eda antes\u201d. Y acept\u00f3 que \u201cun problema pol\u00edtico que se resuelve con dinero, no es problema\u201d.<\/p>\n<p>Y apoyo la determinaci\u00f3n del presidente respeto a la postura del gobernador Silvano Aureoles: \u201cya no, as\u00ed no va a ser, vamos a resistir todo lo que sea porque no vamos a dejarnos chantajear\u201d.<\/p>\n","protected":false},"excerpt":{"rendered":"<p>La soluci\u00f3n del problema de adeudos al magisterio michoacano es responsabilidad del gobierno de Michoac\u00e1n y no es posible que a larga distancia y con mensajes en Twitter, el gobernador Silvano Aureoles quiera abordar el tema. Lo que debe hacer es asumir su responsabilidad institucional, sin mentiras, y atender los problemas que generan la ineficiencia [&hellip;]<\/p>\n","protected":false},"author":2,"featured_media":60549,"comment_status":"closed","ping_status":"closed","sticky":false,"template":"","format":"standard","meta":{"footnotes":""},"categories":[6],"tags":[],"class_list":["post-60548","post","type-post","status-publish","format-standard","has-post-thumbnail","hentry","category-congreso-del-estado"],"_links":{"self":[{"href":"https:\/\/radiowebmx.com\/nota\/wp-json\/wp\/v2\/posts\/60548","targetHints":{"allow":["GET"]}}],"collection":[{"href":"https:\/\/radiowebmx.com\/nota\/wp-json\/wp\/v2\/posts"}],"about":[{"href":"https:\/\/radiowebmx.com\/nota\/wp-json\/wp\/v2\/types\/post"}],"author":[{"embeddable":true,"href":"https:\/\/radiowebmx.com\/nota\/wp-json\/wp\/v2\/users\/2"}],"replies":[{"embeddable":true,"href":"https:\/\/radiowebmx.com\/nota\/wp-json\/wp\/v2\/comments?post=60548"}],"version-history":[{"count":1,"href":"https:\/\/radiowebmx.com\/nota\/wp-json\/wp\/v2\/posts\/60548\/revisions"}],"predecessor-version":[{"id":60550,"href":"https:\/\/radiowebmx.com\/nota\/wp-json\/wp\/v2\/posts\/60548\/revisions\/60550"}],"wp:featuredmedia":[{"embeddable":true,"href":"https:\/\/radiowebmx.com\/nota\/wp-json\/wp\/v2\/media\/60549"}],"wp:attachment":[{"href":"https:\/\/radiowebmx.com\/nota\/wp-json\/wp\/v2\/media?parent=60548"}],"wp:term":[{"taxonomy":"category","embeddable":true,"href":"https:\/\/radiowebmx.com\/nota\/wp-json\/wp\/v2\/categories?post=60548"},{"taxonomy":"post_tag","embeddable":true,"href":"https:\/\/radiowebmx.com\/nota\/wp-json\/wp\/v2\/tags?post=60548"}],"curies":[{"name":"wp","href":"https:\/\/api.w.org\/{rel}","templated":true}]}}