{"id":60532,"date":"2019-01-23T17:21:32","date_gmt":"2019-01-23T23:21:32","guid":{"rendered":"https:\/\/radiowebmx.com\/nota\/?p=60532"},"modified":"2019-01-23T17:21:32","modified_gmt":"2019-01-23T23:21:32","slug":"gppan-comprometido-con-migrantes-michoacanos-javier-estrada","status":"publish","type":"post","link":"https:\/\/radiowebmx.com\/nota\/gppan-comprometido-con-migrantes-michoacanos-javier-estrada\/","title":{"rendered":"GPPAN comprometido con migrantes michoacanos: Javier Estrada"},"content":{"rendered":"<p class=\"x_gmail-msonospacing\">\u00b7\u00a0\u00a0\u00a0\u00a0\u00a0\u00a0\u00a0\u00a0\u00a0<i>Migrantes lamentaron la desaparici\u00f3n del programa federal 3 X 1, que permit\u00eda el desarrollo de sus comunidades de origen<\/i><\/p>\n<p class=\"x_gmail-msonospacing\">\u00b7\u00a0\u00a0\u00a0\u00a0\u00a0\u00a0\u00a0\u00a0\u00a0<i>La Comisi\u00f3n de Migraci\u00f3n asisti\u00f3 a una sesi\u00f3n del Concejo de Los \u00c1ngeles, California<\/i><\/p>\n<p class=\"x_gmail-msonospacing\"><b>\u00a0<\/b><\/p>\n<p class=\"x_gmail-msonospacing\"><b>Morelia; Michoac\u00e1n, 22 de enero de 2019.-\u00a0<\/b>El Grupo Parlamentario del Partido Acci\u00f3n Nacional (GPPAN) en la LXXIV Legislatura, reiter\u00f3 su compromiso de legislar a favor de los michoacanos que radican en el extranjero.<\/p>\n<p class=\"x_gmail-msonospacing\">\n<p class=\"x_gmail-msonospacing\">As\u00ed lo asegur\u00f3 Javier Estrada C\u00e1rdenas, coordinador del GPPAN, tras se\u00f1alar que la Comisi\u00f3n de Migraci\u00f3n recogi\u00f3 las inquietudes de la comunidad migrante, en un encuentro realizado en Los \u00c1ngeles, California, en la que los connacionales lamentaron la cancelaci\u00f3n del programa federal 3 x 1 para Migrantes, que por el contrario debi\u00f3 ser fortalecido para evitar que fuera presa de la corrupci\u00f3n.<\/p>\n<p class=\"x_gmail-msonospacing\">\n<p class=\"x_gmail-msonospacing\">\u201cLos diputados integrantes de la Comisi\u00f3n de Migraci\u00f3n escuchamos e intercambiamos puntos de vista con l\u00edderes migrantes, lo que permitir\u00e1 al Congreso del Estado legislar a favor de los m\u00e1s de cuatro millones de michoacanos que radican en los Estados Unidos\u201d, dijo.<\/p>\n<p class=\"x_gmail-msonospacing\">\n<p class=\"x_gmail-msonospacing\">Estrada C\u00e1rdenas mencion\u00f3 que la Comisi\u00f3n de Migraci\u00f3n ha establecido una agenda de trabajo conjunta con los l\u00edderes migrantes, para buscar atender las necesidades m\u00e1s apremiantes de sus familias y comunidades.<\/p>\n<p class=\"x_gmail-msonospacing\">\n<p class=\"x_gmail-msonospacing\">El coordinador de los legisladores del PAN en el Congreso del Estado precis\u00f3 que los integrantes de la Comisi\u00f3n de Migraci\u00f3n tambi\u00e9n dialogaron con Gilbert Anthony Cedillo, miembro del Concejo de la Ciudad de Los \u00c1ngeles, California, al asistir como invitados a una sesi\u00f3n de ese \u00f3rgano de gobierno.<\/p>\n<p class=\"x_gmail-msonospacing\">\n<p class=\"x_gmail-msonospacing\">\u201cMichoac\u00e1n es un estado binacional que cuenta con cuatro millones de ciudadanos migrantes que radican en los Estados Unidos, por lo que para el Grupo Parlamentario del PAN es de suma importancia legislar a favor de este sector que, a\u00f1o con a\u00f1o y a trav\u00e9s de las remesas, contribuye en la revitalizaci\u00f3n de la econom\u00eda de Michoac\u00e1n\u201d, sostuvo.<\/p>\n","protected":false},"excerpt":{"rendered":"<p>\u00b7\u00a0\u00a0\u00a0\u00a0\u00a0\u00a0\u00a0\u00a0\u00a0Migrantes lamentaron la desaparici\u00f3n del programa federal 3 X 1, que permit\u00eda el desarrollo de sus comunidades de origen \u00b7\u00a0\u00a0\u00a0\u00a0\u00a0\u00a0\u00a0\u00a0\u00a0La Comisi\u00f3n de Migraci\u00f3n asisti\u00f3 a una sesi\u00f3n del Concejo de Los \u00c1ngeles, California \u00a0 Morelia; Michoac\u00e1n, 22 de enero de 2019.-\u00a0El Grupo Parlamentario del Partido Acci\u00f3n Nacional (GPPAN) en la LXXIV Legislatura, reiter\u00f3 su compromiso [&hellip;]<\/p>\n","protected":false},"author":2,"featured_media":60533,"comment_status":"closed","ping_status":"closed","sticky":false,"template":"","format":"standard","meta":{"footnotes":""},"categories":[6],"tags":[],"class_list":["post-60532","post","type-post","status-publish","format-standard","has-post-thumbnail","hentry","category-congreso-del-estado"],"_links":{"self":[{"href":"https:\/\/radiowebmx.com\/nota\/wp-json\/wp\/v2\/posts\/60532","targetHints":{"allow":["GET"]}}],"collection":[{"href":"https:\/\/radiowebmx.com\/nota\/wp-json\/wp\/v2\/posts"}],"about":[{"href":"https:\/\/radiowebmx.com\/nota\/wp-json\/wp\/v2\/types\/post"}],"author":[{"embeddable":true,"href":"https:\/\/radiowebmx.com\/nota\/wp-json\/wp\/v2\/users\/2"}],"replies":[{"embeddable":true,"href":"https:\/\/radiowebmx.com\/nota\/wp-json\/wp\/v2\/comments?post=60532"}],"version-history":[{"count":1,"href":"https:\/\/radiowebmx.com\/nota\/wp-json\/wp\/v2\/posts\/60532\/revisions"}],"predecessor-version":[{"id":60534,"href":"https:\/\/radiowebmx.com\/nota\/wp-json\/wp\/v2\/posts\/60532\/revisions\/60534"}],"wp:featuredmedia":[{"embeddable":true,"href":"https:\/\/radiowebmx.com\/nota\/wp-json\/wp\/v2\/media\/60533"}],"wp:attachment":[{"href":"https:\/\/radiowebmx.com\/nota\/wp-json\/wp\/v2\/media?parent=60532"}],"wp:term":[{"taxonomy":"category","embeddable":true,"href":"https:\/\/radiowebmx.com\/nota\/wp-json\/wp\/v2\/categories?post=60532"},{"taxonomy":"post_tag","embeddable":true,"href":"https:\/\/radiowebmx.com\/nota\/wp-json\/wp\/v2\/tags?post=60532"}],"curies":[{"name":"wp","href":"https:\/\/api.w.org\/{rel}","templated":true}]}}