{"id":60529,"date":"2019-01-23T17:19:26","date_gmt":"2019-01-23T23:19:26","guid":{"rendered":"https:\/\/radiowebmx.com\/nota\/?p=60529"},"modified":"2019-01-23T17:19:26","modified_gmt":"2019-01-23T23:19:26","slug":"sin-ocurrencias-la-defensa-de-los-derechos-de-las-mujeres-lucila-martinez-manriquez","status":"publish","type":"post","link":"https:\/\/radiowebmx.com\/nota\/sin-ocurrencias-la-defensa-de-los-derechos-de-las-mujeres-lucila-martinez-manriquez\/","title":{"rendered":"Sin ocurrencias la defensa de los derechos de las mujeres: Lucila Mart\u00ednez Manr\u00edquez"},"content":{"rendered":"<p class=\"x_MsoNormal\">Ante las desafortunadas declaraciones hechas por la diputada local de Morena en el Estado de Veracruz, Ana Miriam Ferr\u00e1ez Centeno, que propone incrementar un toque de queda como medida para evitar feminicidios en ese estado, su hom\u00f3loga en el Congreso del Estado de Michoac\u00e1n, la diputada por el PVEM Lucila Mart\u00ednez Manr\u00edquez, asegur\u00f3 que esta ocurrencia en nada resolver\u00e1 la violencia en contra de las mujeres.<\/p>\n<p class=\"x_MsoNormal\">Lo anterior si llegara a aplicar, m\u00e1s bien estar\u00eda limitando las actividades cotidianas de aquellas mujeres que por necesidad o esparcimiento requieran estar fuera de sus hogares despu\u00e9s de la hora propuesta.<\/p>\n<p class=\"x_MsoNormal\">\u00bfQu\u00e9 pasar\u00e1 entonces con las mujeres que son violentadas dentro de sus hogares? \u00bfY las que trabajan fuera del horario propuesto?, cuestion\u00f3.<\/p>\n<p class=\"x_MsoNormal\">La tambi\u00e9n la presidenta de la Comisi\u00f3n de Igualdad de G\u00e9nero en el Congreso del Estado, resalt\u00f3 la necesidad de la aplicaci\u00f3n efectiva de la normatividad vigente para salvaguardar la integridad de las mujeres en todos los \u00e1mbitos.<\/p>\n<p class=\"x_MsoNormal\">Dijo que afortunadamente en Michoac\u00e1n se siguen dando pasos firmes para combatir la violencia de g\u00e9nero, como lo refleja el presupuesto de egresos para el ejercicio fiscal 2019 en el que se aplica un recurso extraordinario para atender la alerta de violencia de g\u00e9nero, que se tiene emitida desde el a\u00f1o 2016.<\/p>\n<p class=\"x_MsoNormal\">Asegur\u00f3 que no son estas medidas tomadas fuera de la realidad, irresponsables y descabelladas, las que vendr\u00e1n a resolver el grave problema de acoso y violencia en contra de los derechos humanos de las mujeres.<\/p>\n","protected":false},"excerpt":{"rendered":"<p>Ante las desafortunadas declaraciones hechas por la diputada local de Morena en el Estado de Veracruz, Ana Miriam Ferr\u00e1ez Centeno, que propone incrementar un toque de queda como medida para evitar feminicidios en ese estado, su hom\u00f3loga en el Congreso del Estado de Michoac\u00e1n, la diputada por el PVEM Lucila Mart\u00ednez Manr\u00edquez, asegur\u00f3 que esta [&hellip;]<\/p>\n","protected":false},"author":2,"featured_media":60530,"comment_status":"closed","ping_status":"closed","sticky":false,"template":"","format":"standard","meta":{"footnotes":""},"categories":[6],"tags":[],"class_list":["post-60529","post","type-post","status-publish","format-standard","has-post-thumbnail","hentry","category-congreso-del-estado"],"_links":{"self":[{"href":"https:\/\/radiowebmx.com\/nota\/wp-json\/wp\/v2\/posts\/60529","targetHints":{"allow":["GET"]}}],"collection":[{"href":"https:\/\/radiowebmx.com\/nota\/wp-json\/wp\/v2\/posts"}],"about":[{"href":"https:\/\/radiowebmx.com\/nota\/wp-json\/wp\/v2\/types\/post"}],"author":[{"embeddable":true,"href":"https:\/\/radiowebmx.com\/nota\/wp-json\/wp\/v2\/users\/2"}],"replies":[{"embeddable":true,"href":"https:\/\/radiowebmx.com\/nota\/wp-json\/wp\/v2\/comments?post=60529"}],"version-history":[{"count":1,"href":"https:\/\/radiowebmx.com\/nota\/wp-json\/wp\/v2\/posts\/60529\/revisions"}],"predecessor-version":[{"id":60531,"href":"https:\/\/radiowebmx.com\/nota\/wp-json\/wp\/v2\/posts\/60529\/revisions\/60531"}],"wp:featuredmedia":[{"embeddable":true,"href":"https:\/\/radiowebmx.com\/nota\/wp-json\/wp\/v2\/media\/60530"}],"wp:attachment":[{"href":"https:\/\/radiowebmx.com\/nota\/wp-json\/wp\/v2\/media?parent=60529"}],"wp:term":[{"taxonomy":"category","embeddable":true,"href":"https:\/\/radiowebmx.com\/nota\/wp-json\/wp\/v2\/categories?post=60529"},{"taxonomy":"post_tag","embeddable":true,"href":"https:\/\/radiowebmx.com\/nota\/wp-json\/wp\/v2\/tags?post=60529"}],"curies":[{"name":"wp","href":"https:\/\/api.w.org\/{rel}","templated":true}]}}