{"id":60514,"date":"2019-01-22T13:31:39","date_gmt":"2019-01-22T19:31:39","guid":{"rendered":"https:\/\/radiowebmx.com\/nota\/?p=60514"},"modified":"2019-01-22T13:31:39","modified_gmt":"2019-01-22T19:31:39","slug":"morelia-se-proyectara-a-nivel-internacional-con-el-festival-musical-womad","status":"publish","type":"post","link":"https:\/\/radiowebmx.com\/nota\/morelia-se-proyectara-a-nivel-internacional-con-el-festival-musical-womad\/","title":{"rendered":"Morelia se proyectar\u00e1 a nivel internacional con el Festival Musical Womad"},"content":{"rendered":"<p>\u2022 El Festival se celebrar\u00e1 en el 2020 y reunir\u00e1 a 15 mil personas por d\u00eda\u2022 El Festival se celebrar\u00e1 en el 2020 y reunir\u00e1 a 15 mil personas por d\u00eda<br \/>\n\u2022 El talento de la ciudad podr\u00e1 formar parte de la cartelera del evento, como parte de la magnificaci\u00f3n que se planea de las artes locales<\/p>\n<p>&nbsp;<\/p>\n<p>Morelia, Mich., a 21 de enero de 2019.- COMUNICADO 384\/2019<\/p>\n<p>&nbsp;<\/p>\n<p>Como una acci\u00f3n contundente en favor de la promoci\u00f3n de la cultura de la ciudad, el Ayuntamiento de Morelia consigui\u00f3 ser la sede del Festival Internacional de M\u00fasica Independiente Womad, el cual se realizar\u00e1 por primera vez en el pa\u00eds y se proyecta para llegar en el 2020, con tres d\u00edas cargados de actividad y una asistencia promedio de 15 mil asistentes en cada uno.<br \/>\nEl World of Music, Arts and Dance, considerado por expertos como el festival de m\u00fasica independiente m\u00e1s grande del planeta, fue creado y es presidido por el reconocido m\u00fasico y compositor ingl\u00e9s Peter Brian Gabriel, que desde 1982 se ha desarrollado en 27 pa\u00edses de todo el mundo y por primera vez en territorio mexicano.<br \/>\nEn la administraci\u00f3n del presidente municipal, Ra\u00fal Mor\u00f3n Orozco, la promoci\u00f3n de las artes y la cultura se ha colocado como una estrategia para alcanzar la proyecci\u00f3n internacional, por lo cual se busc\u00f3 el acercamiento con el director general del mencionado evento, Chris Smith, quien despu\u00e9s de varios d\u00edas de recorrido por la capital michoacana, aval\u00f3 la intenci\u00f3n de ser sede en el a\u00f1o 2020.<br \/>\nMor\u00f3n, manifest\u00f3 que se trabajar\u00e1 de forma importante para que este evento impulse a los artistas locales, las artesan\u00edas y las costumbres, adem\u00e1s de que se establezcan puentes de colaboraci\u00f3n y aprendizaje con otras naciones.<br \/>\nSmith, por su parte, enfatiz\u00f3 en que trabajar\u00e1n de forma coordinada con el Ayuntamiento para detectar y definir la cartelera de participantes, ya que durante el recorrido conocieron la riqueza que existe en ese sentido, como en el caso del Conservatorio de las Rosas y sus ni\u00f1os cantores.<br \/>\nFinalmente, las autoridades destacaron que el evento se realizar\u00e1 en diferentes puntos del Centro Hist\u00f3rico, como la Avenida Madero, la Plaza Valladolid, Palacio Clavijero y el Conservatorio de las Rosas, espacios ideales para la magnitud de los conciertos y actividades.<br \/>\nAdem\u00e1s de Mor\u00f3n Orozco y Chris Smith, en la presentaci\u00f3n del festival se dieron cita funcionarios como el diputado federal, Gonzalo Herrera; Roberto Monroy, secretario de Turismo Municipal y la titular de la Secretar\u00eda de Cultura en la ciudad, Cardiela Amezcua.<\/p>\n","protected":false},"excerpt":{"rendered":"<p>\u2022 El Festival se celebrar\u00e1 en el 2020 y reunir\u00e1 a 15 mil personas por d\u00eda\u2022 El Festival se celebrar\u00e1 en el 2020 y reunir\u00e1 a 15 mil personas por d\u00eda \u2022 El talento de la ciudad podr\u00e1 formar parte de la cartelera del evento, como parte de la magnificaci\u00f3n que se planea de las [&hellip;]<\/p>\n","protected":false},"author":2,"featured_media":60515,"comment_status":"closed","ping_status":"closed","sticky":false,"template":"","format":"standard","meta":{"footnotes":""},"categories":[9],"tags":[],"class_list":["post-60514","post","type-post","status-publish","format-standard","has-post-thumbnail","hentry","category-morelia"],"_links":{"self":[{"href":"https:\/\/radiowebmx.com\/nota\/wp-json\/wp\/v2\/posts\/60514","targetHints":{"allow":["GET"]}}],"collection":[{"href":"https:\/\/radiowebmx.com\/nota\/wp-json\/wp\/v2\/posts"}],"about":[{"href":"https:\/\/radiowebmx.com\/nota\/wp-json\/wp\/v2\/types\/post"}],"author":[{"embeddable":true,"href":"https:\/\/radiowebmx.com\/nota\/wp-json\/wp\/v2\/users\/2"}],"replies":[{"embeddable":true,"href":"https:\/\/radiowebmx.com\/nota\/wp-json\/wp\/v2\/comments?post=60514"}],"version-history":[{"count":1,"href":"https:\/\/radiowebmx.com\/nota\/wp-json\/wp\/v2\/posts\/60514\/revisions"}],"predecessor-version":[{"id":60516,"href":"https:\/\/radiowebmx.com\/nota\/wp-json\/wp\/v2\/posts\/60514\/revisions\/60516"}],"wp:featuredmedia":[{"embeddable":true,"href":"https:\/\/radiowebmx.com\/nota\/wp-json\/wp\/v2\/media\/60515"}],"wp:attachment":[{"href":"https:\/\/radiowebmx.com\/nota\/wp-json\/wp\/v2\/media?parent=60514"}],"wp:term":[{"taxonomy":"category","embeddable":true,"href":"https:\/\/radiowebmx.com\/nota\/wp-json\/wp\/v2\/categories?post=60514"},{"taxonomy":"post_tag","embeddable":true,"href":"https:\/\/radiowebmx.com\/nota\/wp-json\/wp\/v2\/tags?post=60514"}],"curies":[{"name":"wp","href":"https:\/\/api.w.org\/{rel}","templated":true}]}}