{"id":60501,"date":"2019-01-22T12:48:59","date_gmt":"2019-01-22T18:48:59","guid":{"rendered":"https:\/\/radiowebmx.com\/nota\/?p=60501"},"modified":"2019-01-22T12:48:59","modified_gmt":"2019-01-22T18:48:59","slug":"personal-de-servicios-parlamentarios-y-transparencia-recibe-capacitacion-del-imaip","status":"publish","type":"post","link":"https:\/\/radiowebmx.com\/nota\/personal-de-servicios-parlamentarios-y-transparencia-recibe-capacitacion-del-imaip\/","title":{"rendered":"Personal de Servicios parlamentarios y transparencia recibe capacitaci\u00f3n del IMAIP"},"content":{"rendered":"<p>Con la participaci\u00f3n de directores, jefes de departamento y personal af\u00edn a las \u00e1reas de servicios parlamentarios y acceso a la informaci\u00f3n p\u00fablica; el IMAIP (Instituto Michoacano de Transparencia\u00a0 y Acceso a la Informaci\u00f3n y Protecci\u00f3n de datos Personales, imparti\u00f3 una capacitaci\u00f3n y actualizaci\u00f3n en este sentido.<\/p>\n<p>Con la finalidad de que el personal a cargo tenga plena capacitaci\u00f3n para el manejo de informaci\u00f3n en sus distintas caracter\u00edsticas, desde la p\u00fablica y la privada as\u00ed como en el correcto llenado de los respectivos formatos que solicita el IMAIP para tener siempre disponible la informaci\u00f3n solicitada por los usuarios.<\/p>\n<p>En este sentido, se abordaron las inquietudes del personal, desde la publicaci\u00f3n de las sesiones plenarias, de comisiones, as\u00ed como las gacetas parlamentarias y documentos p\u00fablicos, as\u00ed como la protecci\u00f3n de datos personales, usuarios y solicitudes.<\/p>\n<p>La Secretar\u00eda de Servicios Parlamentarios en coordinaci\u00f3n con el \u00f3rgano interno de Transparencia buscar\u00e1n que este tipo de capacitaciones se den de manera constante al personal para evitar retrasos u omisiones en el contenido de la informaci\u00f3n p\u00fablica \u201c Este tipo de capacitaciones tienen que ser de forma constante , pues son pocas las instituciones y organismos p\u00fablicos que tienen actualizada la informaci\u00f3n que generan, y en este sentido, el congreso del estado debe ser ejemplo de excelencia, por ello buscaremos la capacitaci\u00f3n constante\u201d mencion\u00f3 la titular de Servicios Parlamentarios\u00a0 Beatriz Barrientos Garc\u00eda.<\/p>\n<p>\u201cLos ciudadanos solicitan transparencia no solo en temas financieros sino legales y de procedimientos\u201d, concluy\u00f3.<\/p>\n","protected":false},"excerpt":{"rendered":"<p>Con la participaci\u00f3n de directores, jefes de departamento y personal af\u00edn a las \u00e1reas de servicios parlamentarios y acceso a la informaci\u00f3n p\u00fablica; el IMAIP (Instituto Michoacano de Transparencia\u00a0 y Acceso a la Informaci\u00f3n y Protecci\u00f3n de datos Personales, imparti\u00f3 una capacitaci\u00f3n y actualizaci\u00f3n en este sentido. Con la finalidad de que el personal a [&hellip;]<\/p>\n","protected":false},"author":2,"featured_media":60502,"comment_status":"closed","ping_status":"closed","sticky":false,"template":"","format":"standard","meta":{"footnotes":""},"categories":[6],"tags":[],"class_list":["post-60501","post","type-post","status-publish","format-standard","has-post-thumbnail","hentry","category-congreso-del-estado"],"_links":{"self":[{"href":"https:\/\/radiowebmx.com\/nota\/wp-json\/wp\/v2\/posts\/60501","targetHints":{"allow":["GET"]}}],"collection":[{"href":"https:\/\/radiowebmx.com\/nota\/wp-json\/wp\/v2\/posts"}],"about":[{"href":"https:\/\/radiowebmx.com\/nota\/wp-json\/wp\/v2\/types\/post"}],"author":[{"embeddable":true,"href":"https:\/\/radiowebmx.com\/nota\/wp-json\/wp\/v2\/users\/2"}],"replies":[{"embeddable":true,"href":"https:\/\/radiowebmx.com\/nota\/wp-json\/wp\/v2\/comments?post=60501"}],"version-history":[{"count":1,"href":"https:\/\/radiowebmx.com\/nota\/wp-json\/wp\/v2\/posts\/60501\/revisions"}],"predecessor-version":[{"id":60503,"href":"https:\/\/radiowebmx.com\/nota\/wp-json\/wp\/v2\/posts\/60501\/revisions\/60503"}],"wp:featuredmedia":[{"embeddable":true,"href":"https:\/\/radiowebmx.com\/nota\/wp-json\/wp\/v2\/media\/60502"}],"wp:attachment":[{"href":"https:\/\/radiowebmx.com\/nota\/wp-json\/wp\/v2\/media?parent=60501"}],"wp:term":[{"taxonomy":"category","embeddable":true,"href":"https:\/\/radiowebmx.com\/nota\/wp-json\/wp\/v2\/categories?post=60501"},{"taxonomy":"post_tag","embeddable":true,"href":"https:\/\/radiowebmx.com\/nota\/wp-json\/wp\/v2\/tags?post=60501"}],"curies":[{"name":"wp","href":"https:\/\/api.w.org\/{rel}","templated":true}]}}