{"id":60492,"date":"2019-01-22T12:34:05","date_gmt":"2019-01-22T18:34:05","guid":{"rendered":"https:\/\/radiowebmx.com\/nota\/?p=60492"},"modified":"2019-01-22T12:34:05","modified_gmt":"2019-01-22T18:34:05","slug":"capacitacion-impartida-por-el-colegio-de-morelia-contara-con-validez-de-la-see","status":"publish","type":"post","link":"https:\/\/radiowebmx.com\/nota\/capacitacion-impartida-por-el-colegio-de-morelia-contara-con-validez-de-la-see\/","title":{"rendered":"Capacitaci\u00f3n impartida por el Colegio de Morelia contar\u00e1 con validez de la SEE"},"content":{"rendered":"<p>M\u00e1s de 200 mil personas de Morelia podr\u00e1n beneficiarse con la entrega de Reconocimiento de Validez Oficial (RVOE) y \u00a0firma del convenio de colaboraci\u00f3n entre la Secretar\u00eda de Educaci\u00f3n en el Estado y el Colegio de Morelia, toda vez que los cursos de ingl\u00e9s, franc\u00e9s, asistente educativo, cuidados del adulto mayor, desarrollo comunitario, teaching Knowlegde test y gastronom\u00eda contar\u00e1n con reconocimiento oficial.<\/p>\n<p>En este marco, Alberto Frutis Sol\u00eds, secretario de Educaci\u00f3n expuso que, con el acuerdo los 7 cursos que iniciar\u00e1n en esta instituci\u00f3n contar\u00e1n con validez, resultado de una buena coordinaci\u00f3n entre las administraciones estatal y municipal. \u201cGracias a la visi\u00f3n del presidente municipal y la coordinaci\u00f3n que con el Gobernador Silvano Aureoles Conejo es que avanzamos en educaci\u00f3n de calidad. Porque la educaci\u00f3n es responsabilidad de todos y para toda la vida, tambi\u00e9n aquella que va m\u00e1s all\u00e1 de la primaria, secundaria, bachillerato como la capacitaci\u00f3n\u201d.<\/p>\n<p>En su oportunidad, Labinia Aranda Ortega, s\u00edndica municipal, agradeci\u00f3 al secretario la coordinaci\u00f3n para alcanzar validez y firmar el convenio, \u201cser\u00e1 muy importante para Morelia\u201d el fruto de este convenio.<\/p>\n<p>Por su parte, Omega V\u00e1zquez, directora General del Colegio de Morelia, celebr\u00f3 la firma del convenio de colaboraci\u00f3n y la entrega del RVOE, porque los cursos que se impartan contar\u00e1n con reconocimiento oficial de la Secretar\u00eda de Educaci\u00f3n en el Estado.\u00a0Adem\u00e1s, destac\u00f3 que se espera para 2019, atender\u00a0a 217 mil personas de la capital del estado.<\/p>\n<p>Los cursos de capacitaci\u00f3n a impartir, se derivan de un censo realizado en el norte de la ciudad para identificar las necesidades de la poblaci\u00f3n y poder atenderlas.<\/p>\n","protected":false},"excerpt":{"rendered":"<p>M\u00e1s de 200 mil personas de Morelia podr\u00e1n beneficiarse con la entrega de Reconocimiento de Validez Oficial (RVOE) y \u00a0firma del convenio de colaboraci\u00f3n entre la Secretar\u00eda de Educaci\u00f3n en el Estado y el Colegio de Morelia, toda vez que los cursos de ingl\u00e9s, franc\u00e9s, asistente educativo, cuidados del adulto mayor, desarrollo comunitario, teaching Knowlegde [&hellip;]<\/p>\n","protected":false},"author":2,"featured_media":60493,"comment_status":"closed","ping_status":"closed","sticky":false,"template":"","format":"standard","meta":{"footnotes":""},"categories":[6],"tags":[],"class_list":["post-60492","post","type-post","status-publish","format-standard","has-post-thumbnail","hentry","category-congreso-del-estado"],"_links":{"self":[{"href":"https:\/\/radiowebmx.com\/nota\/wp-json\/wp\/v2\/posts\/60492","targetHints":{"allow":["GET"]}}],"collection":[{"href":"https:\/\/radiowebmx.com\/nota\/wp-json\/wp\/v2\/posts"}],"about":[{"href":"https:\/\/radiowebmx.com\/nota\/wp-json\/wp\/v2\/types\/post"}],"author":[{"embeddable":true,"href":"https:\/\/radiowebmx.com\/nota\/wp-json\/wp\/v2\/users\/2"}],"replies":[{"embeddable":true,"href":"https:\/\/radiowebmx.com\/nota\/wp-json\/wp\/v2\/comments?post=60492"}],"version-history":[{"count":1,"href":"https:\/\/radiowebmx.com\/nota\/wp-json\/wp\/v2\/posts\/60492\/revisions"}],"predecessor-version":[{"id":60494,"href":"https:\/\/radiowebmx.com\/nota\/wp-json\/wp\/v2\/posts\/60492\/revisions\/60494"}],"wp:featuredmedia":[{"embeddable":true,"href":"https:\/\/radiowebmx.com\/nota\/wp-json\/wp\/v2\/media\/60493"}],"wp:attachment":[{"href":"https:\/\/radiowebmx.com\/nota\/wp-json\/wp\/v2\/media?parent=60492"}],"wp:term":[{"taxonomy":"category","embeddable":true,"href":"https:\/\/radiowebmx.com\/nota\/wp-json\/wp\/v2\/categories?post=60492"},{"taxonomy":"post_tag","embeddable":true,"href":"https:\/\/radiowebmx.com\/nota\/wp-json\/wp\/v2\/tags?post=60492"}],"curies":[{"name":"wp","href":"https:\/\/api.w.org\/{rel}","templated":true}]}}