{"id":60488,"date":"2019-01-21T14:00:40","date_gmt":"2019-01-21T20:00:40","guid":{"rendered":"https:\/\/radiowebmx.com\/nota\/?p=60488"},"modified":"2019-01-21T14:00:40","modified_gmt":"2019-01-21T20:00:40","slug":"concluye-proceso-de-inscripcion-para-licitar-luminarias-del-programa-juntos-iluminando-morelia","status":"publish","type":"post","link":"https:\/\/radiowebmx.com\/nota\/concluye-proceso-de-inscripcion-para-licitar-luminarias-del-programa-juntos-iluminando-morelia\/","title":{"rendered":"Concluye proceso de inscripci\u00f3n para licitar luminarias del Programa \u201cJuntos Iluminando Morelia\u201c"},"content":{"rendered":"<p>El Programa \u201cJuntos Iluminando Morelia\u201c avanza a pasos firmes, despu\u00e9s de concluir el proceso de venta de bases para las empresas que tomar\u00e1n parte en la Licitaci\u00f3n P\u00fablica Nacional, para la adquisici\u00f3n de 22 mil luminarias con las cuales se beneficiar\u00e1 a los habitantes de 167 colonias y tenencias de esta ciudad.<\/p>\n<p>Programa que realizar\u00e1 el Ayuntamiento de Morelia que encabeza el presidente municipal, Ra\u00fal Mor\u00f3n Orozco, en tres fases, mediante recursos propios que alcanzan un monto por el orden de los 220 millones de pesos; la primera etapa consta de una inversi\u00f3n de 100 millones de pesos.<\/p>\n<p>A trav\u00e9s de la Secretar\u00eda de Administraci\u00f3n a cargo de Gabriel Prado Fern\u00e1ndez, se emiti\u00f3 la convocatoria el pasado 10 de enero del presente a\u00f1o, con la finalidad de que las empresas locales, estatales y nacionales se dieran de alta para la obtenci\u00f3n de las bases y participar en la Licitaci\u00f3n P\u00fablica, en la cual tomar\u00e1n parte un total de 17 compa\u00f1\u00edas de los estados de Nuevo Le\u00f3n, Jalisco, Ciudad de M\u00e9xico y desde luego Michoac\u00e1n.<\/p>\n<p>\u201cComo resultado del lanzamiento de la convocatoria, se dieron de alta 17 empresas de diversos puntos del pa\u00eds, al ser una Licitaci\u00f3n P\u00fablica Nacional; ahora vendr\u00e1 el proceso de junta de aclaraciones, apertura de propuestas y el fallo de adjudicaci\u00f3n, el cual est\u00e1 previsto para el viernes 15 de febrero, y cinco d\u00edas despu\u00e9s arrancar con el Programa \u201cJuntos Iluminando Morelia, tal como ha sido el compromiso de nuestro presidente, Ra\u00fal Mor\u00f3n Orozco\u201d, indic\u00f3 el titular de la Secretar\u00eda de Administraci\u00f3n, Gabriel Prado Fern\u00e1ndez.<\/p>\n<p>De acuerdo a la convocatoria, la junta de aclaraciones se llevar\u00e1 a cabo el mi\u00e9rcoles 30 de enero; la apertura de propuestas el martes 5 de febrero, y el acto de fallo el viernes 15 del siguiente mes, reuniones que tendr\u00e1n lugar en la sala de juntas de la Direcci\u00f3n del Comit\u00e9 de Adjudicaci\u00f3n de Obra P\u00fablica y Adquisiciones de la Secretaria de Administraci\u00f3n del Ayuntamiento de Morelia.<\/p>\n<p>La primera etapa contempla la atenci\u00f3n de 167 colonias pertenecientes a los 4 sectores de la ciudad: Rep\u00fablica, Independencia, Nueva Espa\u00f1a y Revoluci\u00f3n, y con ello avanzar en iluminar de manera correcta, colonias y tenencias, con 22 mil l\u00e1mparas LED.<\/p>\n<p>El proceso de licitaci\u00f3n estar\u00e1 debidamente supervisado por diversas instancias del Gobierno de Morelia, adem\u00e1s de ser transmitido en vivo por las plataformas con las que cuenta el Ayuntamiento.<\/p>\n<p>Dicho programa surge como una de las principales estrategias de la presente administraci\u00f3n municipal para proveer de este servicio a las calles de toda la ciudad, para as\u00ed disminuir el rezago en ese sentido que existe en algunos asentamientos y contribuir a la erradicaci\u00f3n de la inseguridad.<\/p>\n","protected":false},"excerpt":{"rendered":"<p>El Programa \u201cJuntos Iluminando Morelia\u201c avanza a pasos firmes, despu\u00e9s de concluir el proceso de venta de bases para las empresas que tomar\u00e1n parte en la Licitaci\u00f3n P\u00fablica Nacional, para la adquisici\u00f3n de 22 mil luminarias con las cuales se beneficiar\u00e1 a los habitantes de 167 colonias y tenencias de esta ciudad. Programa que realizar\u00e1 [&hellip;]<\/p>\n","protected":false},"author":2,"featured_media":60489,"comment_status":"closed","ping_status":"closed","sticky":false,"template":"","format":"standard","meta":{"footnotes":""},"categories":[9],"tags":[],"class_list":["post-60488","post","type-post","status-publish","format-standard","has-post-thumbnail","hentry","category-morelia"],"_links":{"self":[{"href":"https:\/\/radiowebmx.com\/nota\/wp-json\/wp\/v2\/posts\/60488","targetHints":{"allow":["GET"]}}],"collection":[{"href":"https:\/\/radiowebmx.com\/nota\/wp-json\/wp\/v2\/posts"}],"about":[{"href":"https:\/\/radiowebmx.com\/nota\/wp-json\/wp\/v2\/types\/post"}],"author":[{"embeddable":true,"href":"https:\/\/radiowebmx.com\/nota\/wp-json\/wp\/v2\/users\/2"}],"replies":[{"embeddable":true,"href":"https:\/\/radiowebmx.com\/nota\/wp-json\/wp\/v2\/comments?post=60488"}],"version-history":[{"count":1,"href":"https:\/\/radiowebmx.com\/nota\/wp-json\/wp\/v2\/posts\/60488\/revisions"}],"predecessor-version":[{"id":60490,"href":"https:\/\/radiowebmx.com\/nota\/wp-json\/wp\/v2\/posts\/60488\/revisions\/60490"}],"wp:featuredmedia":[{"embeddable":true,"href":"https:\/\/radiowebmx.com\/nota\/wp-json\/wp\/v2\/media\/60489"}],"wp:attachment":[{"href":"https:\/\/radiowebmx.com\/nota\/wp-json\/wp\/v2\/media?parent=60488"}],"wp:term":[{"taxonomy":"category","embeddable":true,"href":"https:\/\/radiowebmx.com\/nota\/wp-json\/wp\/v2\/categories?post=60488"},{"taxonomy":"post_tag","embeddable":true,"href":"https:\/\/radiowebmx.com\/nota\/wp-json\/wp\/v2\/tags?post=60488"}],"curies":[{"name":"wp","href":"https:\/\/api.w.org\/{rel}","templated":true}]}}