{"id":60481,"date":"2019-01-21T13:05:23","date_gmt":"2019-01-21T19:05:23","guid":{"rendered":"https:\/\/radiowebmx.com\/nota\/?p=60481"},"modified":"2019-01-21T13:05:23","modified_gmt":"2019-01-21T19:05:23","slug":"falso-que-el-ejecutivo-estatal-haya-cancelado-nuevos-impuestos-brenda-fraga","status":"publish","type":"post","link":"https:\/\/radiowebmx.com\/nota\/falso-que-el-ejecutivo-estatal-haya-cancelado-nuevos-impuestos-brenda-fraga\/","title":{"rendered":"Falso que el Ejecutivo Estatal haya cancelado nuevos impuestos: Brenda Fraga"},"content":{"rendered":"<ul type=\"disc\">\n<li class=\"x_MsoNormal\"><i>La oferta del gobierno estatal son incentivos fiscales temporales a fin de evitar lluvia de amparos, afirm\u00f3 la legisladora<\/i><\/li>\n<\/ul>\n<p class=\"x_MsoNormal\"><b>Morelia; Michoac\u00e1n, 21 de enero de 2019.-\u00a0<\/b>La Coordinadora del Grupo Parlamentario del Partido del Trabajo en el Congreso de Michoac\u00e1n, Brenda Fraga Guti\u00e9rrez, afirm\u00f3 que es falso que el Gobierno del Estado haya cancelado algunos de los nuevos impuestos que se aplicar\u00e1n a partir de este a\u00f1o. Dijo que lo que har\u00e1 el ejecutivo es implementar incentivos fiscales a los contribuyentes que lo soliciten, lo cual es una forma tramposa de evitar que las y los michoacanos se amparen de estas cargas fiscales.<\/p>\n<p class=\"x_MsoNormal\">La legisladora afirm\u00f3 \u201cestos cr\u00e9ditos fiscales ser\u00e1n moment\u00e1neos y los contribuyentes estar\u00e1n obligados en un futuro a pagar esta carga impositiva, perdiendo adem\u00e1s la oportunidad de ampararse de dichos impuestos que son totalmente ilegales. Es una forma ma\u00f1osa de obligar en un futuro a las y los michoacanos a pagar m\u00e1s impuestos sin que tengan la oportunidad de defenderse\u201d.<\/p>\n<p class=\"x_MsoNormal\">Fraga Guti\u00e9rrez puntualiz\u00f3 que el ejecutivo estatal pretende que los contribuyentes caigan en la trampa de la supuesta desaparici\u00f3n de los impuestos para que soliciten el est\u00edmulo fiscal, pero en un futuro y al estar legitimando esa carga se cobrar\u00e1 en el momento en el que el gobernador as\u00ed lo requiera.<\/p>\n<p class=\"x_MsoNormal\">\u201cLa medida anunciada por el gobernador tiene una consecuencia negativa para los ciudadanos que la utilicen y es que los ciudadanos que decidan presentar al gobierno la documentaci\u00f3n para que se les aplique el est\u00edmulo fiscal, estar\u00e1n legitimando la medida impositiva y perder\u00e1n toda posibilidad de interponer un juicio de amparo que los proteja contra los impuestos injustos\u201d, confirm\u00f3 la legisladora por el municipio de Uruapan.<\/p>\n<p class=\"x_MsoNormal\">Ante esta situaci\u00f3n, el Partido del Trabajo en Michoac\u00e1n ya prepara medidas de apoyo a los ciudadanos que deseen ampararse ante los nuevos impuestos en Michoac\u00e1n que adem\u00e1s de ser injustos son inconstitucionales. Al mismo tiempo el PT y su Grupo Parlamentario llaman a las y los ciudadanos a no caer en la trampa de los est\u00edmulos fiscales ofrecidos por el Gobierno del Estado.<\/p>\n","protected":false},"excerpt":{"rendered":"<p>La oferta del gobierno estatal son incentivos fiscales temporales a fin de evitar lluvia de amparos, afirm\u00f3 la legisladora Morelia; Michoac\u00e1n, 21 de enero de 2019.-\u00a0La Coordinadora del Grupo Parlamentario del Partido del Trabajo en el Congreso de Michoac\u00e1n, Brenda Fraga Guti\u00e9rrez, afirm\u00f3 que es falso que el Gobierno del Estado haya cancelado algunos de [&hellip;]<\/p>\n","protected":false},"author":2,"featured_media":60482,"comment_status":"closed","ping_status":"closed","sticky":false,"template":"","format":"standard","meta":{"footnotes":""},"categories":[6],"tags":[],"class_list":["post-60481","post","type-post","status-publish","format-standard","has-post-thumbnail","hentry","category-congreso-del-estado"],"_links":{"self":[{"href":"https:\/\/radiowebmx.com\/nota\/wp-json\/wp\/v2\/posts\/60481","targetHints":{"allow":["GET"]}}],"collection":[{"href":"https:\/\/radiowebmx.com\/nota\/wp-json\/wp\/v2\/posts"}],"about":[{"href":"https:\/\/radiowebmx.com\/nota\/wp-json\/wp\/v2\/types\/post"}],"author":[{"embeddable":true,"href":"https:\/\/radiowebmx.com\/nota\/wp-json\/wp\/v2\/users\/2"}],"replies":[{"embeddable":true,"href":"https:\/\/radiowebmx.com\/nota\/wp-json\/wp\/v2\/comments?post=60481"}],"version-history":[{"count":1,"href":"https:\/\/radiowebmx.com\/nota\/wp-json\/wp\/v2\/posts\/60481\/revisions"}],"predecessor-version":[{"id":60483,"href":"https:\/\/radiowebmx.com\/nota\/wp-json\/wp\/v2\/posts\/60481\/revisions\/60483"}],"wp:featuredmedia":[{"embeddable":true,"href":"https:\/\/radiowebmx.com\/nota\/wp-json\/wp\/v2\/media\/60482"}],"wp:attachment":[{"href":"https:\/\/radiowebmx.com\/nota\/wp-json\/wp\/v2\/media?parent=60481"}],"wp:term":[{"taxonomy":"category","embeddable":true,"href":"https:\/\/radiowebmx.com\/nota\/wp-json\/wp\/v2\/categories?post=60481"},{"taxonomy":"post_tag","embeddable":true,"href":"https:\/\/radiowebmx.com\/nota\/wp-json\/wp\/v2\/tags?post=60481"}],"curies":[{"name":"wp","href":"https:\/\/api.w.org\/{rel}","templated":true}]}}