{"id":6042,"date":"2014-03-14T14:00:57","date_gmt":"2014-03-14T20:00:57","guid":{"rendered":"https:\/\/radiowebmx.com\/nota\/?p=6042"},"modified":"2014-03-14T14:00:57","modified_gmt":"2014-03-14T20:00:57","slug":"el-h-ayuntamiento-de-charo-continua-trabajando-de-manera-normal","status":"publish","type":"post","link":"https:\/\/radiowebmx.com\/nota\/el-h-ayuntamiento-de-charo-continua-trabajando-de-manera-normal\/","title":{"rendered":"El H. Ayuntamiento de Charo contin\u00faa trabajando de manera normal"},"content":{"rendered":"<p><a href=\"https:\/\/radiowebmx.com\/nota\/wp-content\/uploads\/2014\/03\/CAM00883.jpg\"><img loading=\"lazy\" decoding=\"async\" class=\"alignleft size-full wp-image-6043\" alt=\"CAM00883\" src=\"https:\/\/radiowebmx.com\/nota\/wp-content\/uploads\/2014\/03\/CAM00883.jpg\" width=\"591\" height=\"287\" \/><\/a>Preocupado por el bienestar y la atenci\u00f3n a la poblaci\u00f3n el Presidente Municipal, Ra\u00fal Prieto G\u00f3mez, giro instrucciones para que el personal que labora en las distintas oficinas,\u00a0 de atenci\u00f3n a los diferentes usuarios que diariamente acuden al palacio municipal. Ya que el plant\u00f3n que mantiene el grupo antorchista desde el 10 de marzo,\u00a0 impide el acceso a las personas para realizar sus tr\u00e1mites.<\/p>\n<p>Con el fin de dar atenci\u00f3n a la poblaci\u00f3n se instalaron mesas en la Casa de la Cultura y en la Plaza Principal de Charo, para de esta manera no retrasar o hacer que las personas que acuden de alguna localidad se regresen sin realizar sus gestiones.<\/p>\n<p>De esta manera el Edil pide sensibilizaci\u00f3n y que se abran al dialogo \u00a0a los manifestantes, ya que es a toda la poblaci\u00f3n \u00a0del Municipio la que se ve afectada con la toma del Ayuntamiento, ya que para las personas que vienen de otras localidades genera gastos de traslado y p\u00e9rdida de tiempo, debido a la falta de mobiliario no se puede dar el debido seguimiento a todos los tr\u00e1mites ya existentes.<\/p>\n<p>&nbsp;<\/p>\n","protected":false},"excerpt":{"rendered":"<p>Preocupado por el bienestar y la atenci\u00f3n a la poblaci\u00f3n el Presidente Municipal, Ra\u00fal Prieto G\u00f3mez, giro instrucciones para que el personal que labora en las distintas oficinas,  de atenci\u00f3n a los diferentes usuarios que diariamente acuden al palacio municipal. Ya que el plant\u00f3n que mantiene el grupo antorchista desde el 10 de marzo,  <\/p>\n","protected":false},"author":1,"featured_media":0,"comment_status":"open","ping_status":"open","sticky":false,"template":"","format":"standard","meta":{"footnotes":""},"categories":[14,3],"tags":[],"class_list":["post-6042","post","type-post","status-publish","format-standard","hentry","category-destacadas","category-gobierno-del-estado-de-michoacan"],"_links":{"self":[{"href":"https:\/\/radiowebmx.com\/nota\/wp-json\/wp\/v2\/posts\/6042","targetHints":{"allow":["GET"]}}],"collection":[{"href":"https:\/\/radiowebmx.com\/nota\/wp-json\/wp\/v2\/posts"}],"about":[{"href":"https:\/\/radiowebmx.com\/nota\/wp-json\/wp\/v2\/types\/post"}],"author":[{"embeddable":true,"href":"https:\/\/radiowebmx.com\/nota\/wp-json\/wp\/v2\/users\/1"}],"replies":[{"embeddable":true,"href":"https:\/\/radiowebmx.com\/nota\/wp-json\/wp\/v2\/comments?post=6042"}],"version-history":[{"count":1,"href":"https:\/\/radiowebmx.com\/nota\/wp-json\/wp\/v2\/posts\/6042\/revisions"}],"predecessor-version":[{"id":6044,"href":"https:\/\/radiowebmx.com\/nota\/wp-json\/wp\/v2\/posts\/6042\/revisions\/6044"}],"wp:attachment":[{"href":"https:\/\/radiowebmx.com\/nota\/wp-json\/wp\/v2\/media?parent=6042"}],"wp:term":[{"taxonomy":"category","embeddable":true,"href":"https:\/\/radiowebmx.com\/nota\/wp-json\/wp\/v2\/categories?post=6042"},{"taxonomy":"post_tag","embeddable":true,"href":"https:\/\/radiowebmx.com\/nota\/wp-json\/wp\/v2\/tags?post=6042"}],"curies":[{"name":"wp","href":"https:\/\/api.w.org\/{rel}","templated":true}]}}