{"id":6039,"date":"2014-03-14T13:57:25","date_gmt":"2014-03-14T19:57:25","guid":{"rendered":"https:\/\/radiowebmx.com\/nota\/?p=6039"},"modified":"2014-03-14T13:57:25","modified_gmt":"2014-03-14T19:57:25","slug":"propone-regidor-miguel-angel-villegas-reglas-claras-para-la-jubilacion-de-empleados-del-ayuntamiento","status":"publish","type":"post","link":"https:\/\/radiowebmx.com\/nota\/propone-regidor-miguel-angel-villegas-reglas-claras-para-la-jubilacion-de-empleados-del-ayuntamiento\/","title":{"rendered":"Propone regidor Miguel \u00c1ngel Villegas, reglas claras para la jubilaci\u00f3n de empleados del Ayuntamiento"},"content":{"rendered":"<p>Debido a que el actual Reglamento de Jubilaci\u00f3n para los Trabajadores Municipales al Servicio del Ayuntamiento, no contempla reglas claras de igualdad y equidad para todos los empleados que pretenden jubilarse, el regidor moreliano Miguel \u00c1ngel Villegas Soto, present\u00f3 ante el Cabildo capitalino un punto de acuerdo para adicionar a dicho Reglamento el Cap\u00edtulo Sexto, art\u00edculos 30, 31 y 32.<\/p>\n<p>&nbsp;<\/p>\n<p>Al respecto, Villegas Soto refiri\u00f3 que el Reglamento se encuentra actualmente en comisiones para su dictaminaci\u00f3n debido a que el tambi\u00e9n regidor panista Fernando Contreras M\u00e9ndez, present\u00f3 el pasado 9 de mayo de 2013 la iniciativa que contiene el acuerdo que reforma los art\u00edculos 4 fracci\u00f3n VI, 5 fracci\u00f3n I, 10, 11, 12, 16, 21, y 29, as\u00ed como la derogaci\u00f3n de los art\u00edculos 13 y 20.<\/p>\n<p>&nbsp;<\/p>\n<p>El regidor detall\u00f3 que en su car\u00e1cter de funcionario municipal ha recibido quejas por parte de varios trabajadores de la administraci\u00f3n p\u00fablica del municipio, en relaci\u00f3n al m\u00e9todo poco claro para definir los trabajadores a jubilarse cada a\u00f1o, argumentando que esto queda a discreci\u00f3n de criterios personales, sin igualdad de condiciones.<\/p>\n<p>&nbsp;<\/p>\n<p>\u201cRevisando el reglamento actual, si bien contiene los requisitos para la jubilaci\u00f3n en el cap\u00edtulo segundo y el procedimiento de jubilaci\u00f3n en el cap\u00edtulo cuarto, no contempla reglas claras de igualdad y equidad para todos los trabajadores municipales al respecto\u201d.<\/p>\n<p>&nbsp;<\/p>\n<p>Por ello, Miguel \u00c1ngel Villegas opin\u00f3 que dado a que se est\u00e1 estudiando la reforma al citado reglamento, puede resolverse, estableciendo criterios claros, que por s\u00ed solos con su aplicaci\u00f3n elimine cualquier sesgo que da\u00f1e derechos humanos de los empleados. \u201cEn t\u00e9rminos llanos tener reglas claras, siendo del conocimiento y aplicaci\u00f3n para todos sin distingo alguno\u201d.<\/p>\n<p>&nbsp;<\/p>\n<p>&nbsp;<\/p>\n<p>&nbsp;<\/p>\n<p>&nbsp;<\/p>\n<p>&nbsp;<\/p>\n<p>Para lo anterior propuso que se establezca un listado de todos aquellos trabajadores que cumplen con los requisitos y el procedimiento de jubilaci\u00f3n, en un orden seg\u00fan ciertos criterios, los cuales ser\u00edan en primer lugar incapacidad total permanente; despu\u00e9s mayor tiempo de servicio laboral y por \u00faltimo tener mayor edad.<\/p>\n<p>&nbsp;<\/p>\n<p>Finalmente, refiri\u00f3 que en el art\u00edculo 32 del Cap\u00edtulo Sexto titulado Criterios para Definir a los Trabajadores a Jubilarse, se definir\u00e1 que aquellos trabajadores a jubilarse, estar\u00e1 determinada por la lista, seg\u00fan el n\u00famero de empleados a jubilarse que se determine y\/o el presupuesto disponible para est<\/p>\n","protected":false},"excerpt":{"rendered":"<p>Debido a que el actual Reglamento de Jubilaci\u00f3n para los Trabajadores Municipales al Servicio del Ayuntamiento, no contempla reglas claras de igualdad y equidad para todos los empleados que pretenden jubilarse, el regidor moreliano Miguel \u00c1ngel Villegas Soto,<\/p>\n","protected":false},"author":1,"featured_media":0,"comment_status":"open","ping_status":"open","sticky":false,"template":"","format":"standard","meta":{"footnotes":""},"categories":[3],"tags":[],"class_list":["post-6039","post","type-post","status-publish","format-standard","hentry","category-gobierno-del-estado-de-michoacan"],"_links":{"self":[{"href":"https:\/\/radiowebmx.com\/nota\/wp-json\/wp\/v2\/posts\/6039","targetHints":{"allow":["GET"]}}],"collection":[{"href":"https:\/\/radiowebmx.com\/nota\/wp-json\/wp\/v2\/posts"}],"about":[{"href":"https:\/\/radiowebmx.com\/nota\/wp-json\/wp\/v2\/types\/post"}],"author":[{"embeddable":true,"href":"https:\/\/radiowebmx.com\/nota\/wp-json\/wp\/v2\/users\/1"}],"replies":[{"embeddable":true,"href":"https:\/\/radiowebmx.com\/nota\/wp-json\/wp\/v2\/comments?post=6039"}],"version-history":[{"count":2,"href":"https:\/\/radiowebmx.com\/nota\/wp-json\/wp\/v2\/posts\/6039\/revisions"}],"predecessor-version":[{"id":6041,"href":"https:\/\/radiowebmx.com\/nota\/wp-json\/wp\/v2\/posts\/6039\/revisions\/6041"}],"wp:attachment":[{"href":"https:\/\/radiowebmx.com\/nota\/wp-json\/wp\/v2\/media?parent=6039"}],"wp:term":[{"taxonomy":"category","embeddable":true,"href":"https:\/\/radiowebmx.com\/nota\/wp-json\/wp\/v2\/categories?post=6039"},{"taxonomy":"post_tag","embeddable":true,"href":"https:\/\/radiowebmx.com\/nota\/wp-json\/wp\/v2\/tags?post=6039"}],"curies":[{"name":"wp","href":"https:\/\/api.w.org\/{rel}","templated":true}]}}