{"id":60362,"date":"2019-01-16T11:46:52","date_gmt":"2019-01-16T17:46:52","guid":{"rendered":"https:\/\/radiowebmx.com\/nota\/?p=60362"},"modified":"2019-01-16T11:46:52","modified_gmt":"2019-01-16T17:46:52","slug":"la-capacitacion-es-fundamental-para-transparentar-con-eficiencia-el-trabajo-de-servidores-publicos-oscar-escobar","status":"publish","type":"post","link":"https:\/\/radiowebmx.com\/nota\/la-capacitacion-es-fundamental-para-transparentar-con-eficiencia-el-trabajo-de-servidores-publicos-oscar-escobar\/","title":{"rendered":"La capacitaci\u00f3n es fundamental para transparentar con eficiencia el trabajo de servidores p\u00fablicos: Oscar Escobar"},"content":{"rendered":"<ul type=\"disc\">\n<li class=\"x_MsoNormal\"><i>Invit\u00f3 a servidores p\u00fablicos y ayuntamientos a asistir el pr\u00f3ximo 25 de enero a la conferencia magistral impartida por Francisco Acu\u00f1a, presidente del Inai<\/i><b><i><\/i><\/b><\/li>\n<li class=\"x_MsoNormal\"><i>A partir del 18 de enero los trabajadores del Congreso del Estado recibir\u00e1n una capacitaci\u00f3n semanal sobre transparencia y datos personales, por parte del Imaip<\/i><i><\/i><\/li>\n<\/ul>\n<p class=\"x_MsoNormal\"><b>\u00a0<\/b><\/p>\n<p class=\"x_MsoNormal\"><b>Morelia; Michoac\u00e1n, 15 de enero de 2019.-<\/b>\u00a0Con la finalidad de capacitar a los trabajadores del Congreso del Estado sobre la forma de publicar con eficiencia los datos en la plataforma del Legislativo, Oscar Escobar Ledesma, presidente del Comit\u00e9 de Transparencia y Acceso a la Informaci\u00f3n, se reuni\u00f3 con integrantes del Instituto Michoacano de Transparencia, Acceso a la Informaci\u00f3n y Protecci\u00f3n de Datos Personales (Imaip).<\/p>\n<p>&#8220;Sabemos la importancia de que los michoacanos est\u00e9n enterados de lo que realizamos los legisladores, necesitan tener claridad y confianza en que los recursos p\u00fablicos se aplican con transparencia, por ello, es necesario que el portal del Congreso del Estado este actualizado&#8221;.<\/p>\n<p class=\"x_MsoNormal\">Durante la reuni\u00f3n, en la que estuvieron presentes la comisionada presidente del Imaip, Areli Yamilet Navarrete Naranjo y la comisionada Reyna Lizbeth Ortega Silva, se acord\u00f3 enviar una invitaci\u00f3n a ayuntamientos, poderes del Estado y estudiantes para que asistan a la capacitaci\u00f3n en la materia.<\/p>\n<p class=\"x_MsoNormal\">Dentro de estas capacitaciones constantes, se plante\u00f3 la realizaci\u00f3n de la conferencia magistral el pr\u00f3ximo 25 de enero en la que se contar\u00e1 con la presencia de Francisco Acu\u00f1a, presidente del Instituto Nacional de Acceso a la Informaci\u00f3n y Protecci\u00f3n de Datos Personales (Inai), adem\u00e1s de consejeros de diferentes institutos de transparencia a nivel nacional.<\/p>\n<p>Escobar Ledesma record\u00f3 que estos eventos aportar\u00e1n a transparentar las actividades de las dependencias y los servidores p\u00fablicos, por ello les refrend\u00f3 la invitaci\u00f3n a que asistan.<\/p>\n<p>&#8220;Todos los servidores p\u00fablicos debemos estar bien capacitados en el manejo de datos personales y en materia de transparencia. Invitaremos a los ayuntamientos y a los diferentes poderes a que nos acompa\u00f1en a esta mega conferencia para que todos podamos mostrar la informaci\u00f3n que se merece la ciudadan\u00eda. Es nuestro deber trabajar con eficiencia y transparencia&#8221;.<\/p>\n<p class=\"x_MsoNormal\">Entre los acuerdos a los que se llegaron por parte del Comit\u00e9 de Transparencia y el Imaip es que a partir del pr\u00f3ximo 18 de enero se realizar\u00e1 una capacitaci\u00f3n semanal para los trabajadores del Congreso del Estado y servidores p\u00fablicos que deseen asistir.<\/p>\n","protected":false},"excerpt":{"rendered":"<p>Invit\u00f3 a servidores p\u00fablicos y ayuntamientos a asistir el pr\u00f3ximo 25 de enero a la conferencia magistral impartida por Francisco Acu\u00f1a, presidente del Inai A partir del 18 de enero los trabajadores del Congreso del Estado recibir\u00e1n una capacitaci\u00f3n semanal sobre transparencia y datos personales, por parte del Imaip \u00a0 Morelia; Michoac\u00e1n, 15 de enero [&hellip;]<\/p>\n","protected":false},"author":2,"featured_media":60363,"comment_status":"closed","ping_status":"closed","sticky":false,"template":"","format":"standard","meta":{"footnotes":""},"categories":[6],"tags":[],"class_list":["post-60362","post","type-post","status-publish","format-standard","has-post-thumbnail","hentry","category-congreso-del-estado"],"_links":{"self":[{"href":"https:\/\/radiowebmx.com\/nota\/wp-json\/wp\/v2\/posts\/60362","targetHints":{"allow":["GET"]}}],"collection":[{"href":"https:\/\/radiowebmx.com\/nota\/wp-json\/wp\/v2\/posts"}],"about":[{"href":"https:\/\/radiowebmx.com\/nota\/wp-json\/wp\/v2\/types\/post"}],"author":[{"embeddable":true,"href":"https:\/\/radiowebmx.com\/nota\/wp-json\/wp\/v2\/users\/2"}],"replies":[{"embeddable":true,"href":"https:\/\/radiowebmx.com\/nota\/wp-json\/wp\/v2\/comments?post=60362"}],"version-history":[{"count":1,"href":"https:\/\/radiowebmx.com\/nota\/wp-json\/wp\/v2\/posts\/60362\/revisions"}],"predecessor-version":[{"id":60364,"href":"https:\/\/radiowebmx.com\/nota\/wp-json\/wp\/v2\/posts\/60362\/revisions\/60364"}],"wp:featuredmedia":[{"embeddable":true,"href":"https:\/\/radiowebmx.com\/nota\/wp-json\/wp\/v2\/media\/60363"}],"wp:attachment":[{"href":"https:\/\/radiowebmx.com\/nota\/wp-json\/wp\/v2\/media?parent=60362"}],"wp:term":[{"taxonomy":"category","embeddable":true,"href":"https:\/\/radiowebmx.com\/nota\/wp-json\/wp\/v2\/categories?post=60362"},{"taxonomy":"post_tag","embeddable":true,"href":"https:\/\/radiowebmx.com\/nota\/wp-json\/wp\/v2\/tags?post=60362"}],"curies":[{"name":"wp","href":"https:\/\/api.w.org\/{rel}","templated":true}]}}