{"id":60349,"date":"2019-01-16T11:27:35","date_gmt":"2019-01-16T17:27:35","guid":{"rendered":"https:\/\/radiowebmx.com\/nota\/?p=60349"},"modified":"2019-01-16T11:27:35","modified_gmt":"2019-01-16T17:27:35","slug":"impulso-al-sector-artesanal-acuerda-azael-toledo-con-autoridades-el-iam","status":"publish","type":"post","link":"https:\/\/radiowebmx.com\/nota\/impulso-al-sector-artesanal-acuerda-azael-toledo-con-autoridades-el-iam\/","title":{"rendered":"Impulso al sector artesanal acuerda Azael Toledo con autoridades el IAM"},"content":{"rendered":"<p>Con el objetivo de coordinar esfuerzos que contribuyan a generar mejores condiciones para los m\u00e1s de 30 mil artesanos que hay en Michoac\u00e1n, el diputado local Alfredo Azael Toledo Rangel se reuni\u00f3 con autoridades del ramo, con quienes se revisaron las acciones a impulsar en beneficio de este sector.<\/p>\n<p>Durante la reuni\u00f3n con funcionarios del Instituto del Artesano Michoacano (IAM), se revisaron las necesidades de este sector, as\u00ed como tambi\u00e9n sobre la iniciativa presentada por el diputado integrante del Grupo Parlamentario del PRD en la que se plantea cambiar el nombre de esta dependencia por Casa de las Artesan\u00edas Michoac\u00e1n.<\/p>\n<p>En el encuentro se coincidi\u00f3 en cerrar filas en pro de los artesanos, en donde los subdirectores Operativo del IAM y de Comercializaci\u00f3n, Ulises S\u00e1nchez P\u00e9rez y Castor Estrada Robles -respectivamente- le presentaron el plan de trabajo que para el presente a\u00f1o se impulsar\u00e1 en beneficio de los artesanos michoacanos.<\/p>\n<p>El diputado integrante de la Comisi\u00f3n de Desarrollo Social en la LXXIV Legislatura Local, hizo menci\u00f3n que con el objetivo de atender las demandas del gremio artesanal y para velar el bienestar de este sector se present\u00f3 una iniciativa de reformas a diversos art\u00edculos de la Ley de Fomento y Desarrollo Artesanal del Estado, en la que se plantea se modifique el nombre del Instituto del Artesano Michoacano (IAM), por \u201cCasa de las Artesan\u00edas Michoac\u00e1n\u201d, pero aunado a esta propuesta, se trabaja en varias normas a promover en pro de este sector.<\/p>\n<p>Record\u00f3 que la finalidad de regresar a los artesanos el arraigo e identidad que han demandado, estableciendo que exista un espacio f\u00edsico y acorde a sus necesidades, que fortalezca esta \u00e1rea, para que el trabajo realizado por los artesanos se vea reflejado y sirva para detonar un desarrollo de sus productos en la entidad, en el pa\u00eds y a nivel internacional.<\/p>\n<p>El diputado local mencion\u00f3 que esa propuesta es para atender la solicitud del gremio artesanal, quienes han solicitado en diversas ocasiones que dicha dependencia vuelva a ser su casa en todos los aspectos, desde el nombre, ya que con la denominaci\u00f3n Instituto, no refleja su identidad.<\/p>\n<p>La actividad artesanal, refiri\u00f3 que constituye un patrimonio cultural con potencial generador de desarrollo y sentido de pertenencia para la poblaci\u00f3n de nuestro estado, especialmente en el sector tur\u00edstico, el cual es un elemento que aporta valor y competitividad a los productos tur\u00edsticos de Michoac\u00e1n.<\/p>\n<p>Azael Toledo consider\u00f3 necesario apoyar e incentivar de manera comprometida los trabajos de difusi\u00f3n y publicidad de las artesan\u00edas michoacanas para el desarrollo de este sector, esto con el fin de promover el trabajo y riqueza de los artesanos.<\/p>\n<p>\u201cLa actividad artesanal ha sido una de las caracter\u00edsticas principales de los pueblos y comunidades, ya que fortalece la actividad econ\u00f3mica local y preservar la cultura y tradiciones nacionales\u201d, resalt\u00f3.<\/p>\n","protected":false},"excerpt":{"rendered":"<p>Con el objetivo de coordinar esfuerzos que contribuyan a generar mejores condiciones para los m\u00e1s de 30 mil artesanos que hay en Michoac\u00e1n, el diputado local Alfredo Azael Toledo Rangel se reuni\u00f3 con autoridades del ramo, con quienes se revisaron las acciones a impulsar en beneficio de este sector. Durante la reuni\u00f3n con funcionarios del [&hellip;]<\/p>\n","protected":false},"author":2,"featured_media":60350,"comment_status":"closed","ping_status":"closed","sticky":false,"template":"","format":"standard","meta":{"footnotes":""},"categories":[6],"tags":[],"class_list":["post-60349","post","type-post","status-publish","format-standard","has-post-thumbnail","hentry","category-congreso-del-estado"],"_links":{"self":[{"href":"https:\/\/radiowebmx.com\/nota\/wp-json\/wp\/v2\/posts\/60349","targetHints":{"allow":["GET"]}}],"collection":[{"href":"https:\/\/radiowebmx.com\/nota\/wp-json\/wp\/v2\/posts"}],"about":[{"href":"https:\/\/radiowebmx.com\/nota\/wp-json\/wp\/v2\/types\/post"}],"author":[{"embeddable":true,"href":"https:\/\/radiowebmx.com\/nota\/wp-json\/wp\/v2\/users\/2"}],"replies":[{"embeddable":true,"href":"https:\/\/radiowebmx.com\/nota\/wp-json\/wp\/v2\/comments?post=60349"}],"version-history":[{"count":1,"href":"https:\/\/radiowebmx.com\/nota\/wp-json\/wp\/v2\/posts\/60349\/revisions"}],"predecessor-version":[{"id":60351,"href":"https:\/\/radiowebmx.com\/nota\/wp-json\/wp\/v2\/posts\/60349\/revisions\/60351"}],"wp:featuredmedia":[{"embeddable":true,"href":"https:\/\/radiowebmx.com\/nota\/wp-json\/wp\/v2\/media\/60350"}],"wp:attachment":[{"href":"https:\/\/radiowebmx.com\/nota\/wp-json\/wp\/v2\/media?parent=60349"}],"wp:term":[{"taxonomy":"category","embeddable":true,"href":"https:\/\/radiowebmx.com\/nota\/wp-json\/wp\/v2\/categories?post=60349"},{"taxonomy":"post_tag","embeddable":true,"href":"https:\/\/radiowebmx.com\/nota\/wp-json\/wp\/v2\/tags?post=60349"}],"curies":[{"name":"wp","href":"https:\/\/api.w.org\/{rel}","templated":true}]}}