{"id":60335,"date":"2019-01-15T13:18:43","date_gmt":"2019-01-15T19:18:43","guid":{"rendered":"https:\/\/radiowebmx.com\/nota\/?p=60335"},"modified":"2019-01-15T13:18:43","modified_gmt":"2019-01-15T19:18:43","slug":"maestros-estatales-de-michoacan-podran-tener-certeza-en-sus-pagos-y-prestaciones-antonio-madriz","status":"publish","type":"post","link":"https:\/\/radiowebmx.com\/nota\/maestros-estatales-de-michoacan-podran-tener-certeza-en-sus-pagos-y-prestaciones-antonio-madriz\/","title":{"rendered":"Maestros estatales de Michoac\u00e1n podr\u00e1n tener certeza en sus pagos y prestaciones: Antonio Madriz."},"content":{"rendered":"<ul>\n<li><strong>Legislativo prepara modificaciones necesarias para que reingenier\u00eda en servicios educativos.<\/strong><\/li>\n<\/ul>\n<p>El gobierno federal ya tiene una propuesta de trabajo que tendr\u00e1 que ser operado en coordinaci\u00f3n con el gobierno del estado de Michoac\u00e1n de tal forma que el pago en cuanto a salarios y prestaciones de los trabajadores de la educaci\u00f3n pueda estar asegurado, inform\u00f3 el diputado Antonio Madriz Estrada, coordinador de la Comisi\u00f3n de Educaci\u00f3n en el congreso del estado.<\/p>\n<p>Destac\u00f3 que la propuesta del gobernador de Michoac\u00e1n para entregar los servicios educativos del estado a la federaci\u00f3n, no puede ser aceptada en su totalidad, sin embargo ya se establecieron las mesas de trabajo en las que se resuelve una alternativa que pueda dar certeza a este sector de trabajadores docentes y administrativos.<\/p>\n<p>\u201cSe inicia una reingenier\u00eda estructural en la secretaria de educaci\u00f3n en el estado de Michoac\u00e1n para generar condiciones de solvencia econ\u00f3mica y tener operatividad en cuanto a los pagos de adeudos generados con la base los trabajadores magisteriales dependientes del estado.<\/p>\n<p>Con ello, se reafirma el compromiso del gobierno federal para atender necesidades educativas en Michoac\u00e1n\u201d, mencion\u00f3 Madriz Estrada.<\/p>\n<p>El trabajo legislativo que dicha reingenier\u00eda implica ser\u00e1 echado a andar de forma inmediata , fue el acuerdo que se sostuvo en la reuni\u00f3n sostenida con el Oficial Mayor de la Secretaria de Educaci\u00f3n P\u00fablica Federal y los diputados\u00a0 de Michoac\u00e1n, Antonio Madriz, Zenaida Salvador Br\u00edgido y Sandra Luz Valencia.<\/p>\n","protected":false},"excerpt":{"rendered":"<p>Legislativo prepara modificaciones necesarias para que reingenier\u00eda en servicios educativos. El gobierno federal ya tiene una propuesta de trabajo que tendr\u00e1 que ser operado en coordinaci\u00f3n con el gobierno del estado de Michoac\u00e1n de tal forma que el pago en cuanto a salarios y prestaciones de los trabajadores de la educaci\u00f3n pueda estar asegurado, inform\u00f3 [&hellip;]<\/p>\n","protected":false},"author":2,"featured_media":60336,"comment_status":"closed","ping_status":"closed","sticky":false,"template":"","format":"standard","meta":{"footnotes":""},"categories":[6],"tags":[],"class_list":["post-60335","post","type-post","status-publish","format-standard","has-post-thumbnail","hentry","category-congreso-del-estado"],"_links":{"self":[{"href":"https:\/\/radiowebmx.com\/nota\/wp-json\/wp\/v2\/posts\/60335","targetHints":{"allow":["GET"]}}],"collection":[{"href":"https:\/\/radiowebmx.com\/nota\/wp-json\/wp\/v2\/posts"}],"about":[{"href":"https:\/\/radiowebmx.com\/nota\/wp-json\/wp\/v2\/types\/post"}],"author":[{"embeddable":true,"href":"https:\/\/radiowebmx.com\/nota\/wp-json\/wp\/v2\/users\/2"}],"replies":[{"embeddable":true,"href":"https:\/\/radiowebmx.com\/nota\/wp-json\/wp\/v2\/comments?post=60335"}],"version-history":[{"count":1,"href":"https:\/\/radiowebmx.com\/nota\/wp-json\/wp\/v2\/posts\/60335\/revisions"}],"predecessor-version":[{"id":60337,"href":"https:\/\/radiowebmx.com\/nota\/wp-json\/wp\/v2\/posts\/60335\/revisions\/60337"}],"wp:featuredmedia":[{"embeddable":true,"href":"https:\/\/radiowebmx.com\/nota\/wp-json\/wp\/v2\/media\/60336"}],"wp:attachment":[{"href":"https:\/\/radiowebmx.com\/nota\/wp-json\/wp\/v2\/media?parent=60335"}],"wp:term":[{"taxonomy":"category","embeddable":true,"href":"https:\/\/radiowebmx.com\/nota\/wp-json\/wp\/v2\/categories?post=60335"},{"taxonomy":"post_tag","embeddable":true,"href":"https:\/\/radiowebmx.com\/nota\/wp-json\/wp\/v2\/tags?post=60335"}],"curies":[{"name":"wp","href":"https:\/\/api.w.org\/{rel}","templated":true}]}}