{"id":60332,"date":"2019-01-15T13:14:27","date_gmt":"2019-01-15T19:14:27","guid":{"rendered":"https:\/\/radiowebmx.com\/nota\/?p=60332"},"modified":"2019-01-15T13:14:27","modified_gmt":"2019-01-15T19:14:27","slug":"impuestos-a-la-basura-solo-generara-mas-complicaciones-a-las-familias-mayela-salas","status":"publish","type":"post","link":"https:\/\/radiowebmx.com\/nota\/impuestos-a-la-basura-solo-generara-mas-complicaciones-a-las-familias-mayela-salas\/","title":{"rendered":"Impuestos a la basura solo generar\u00e1 m\u00e1s complicaciones a las familias: Mayela Salas."},"content":{"rendered":"<p>La diputada de la LXXIV Legislatura del Congreso de Michoac\u00e1n, Mayela Salas Saenz afirm\u00f3 que los legisladores del Grupo Parlamentario del Movimiento de Regeneraci\u00f3n Nacional \u201cno votaron a favor del nuevo impuesto que se pretende cobrar a los michoacanos de 25 pesos por cada kilo de basura que generen en sus hogares\u201d.<\/p>\n<p>Es as\u00ed que deslind\u00f3 a los diputados de Morena de la aprobaci\u00f3n de dicho impuesto, pues destac\u00f3 \u201clos legisladores del Movimiento de Regeneraci\u00f3n Nacional nunca aprobar\u00edan impuestos que afecten a la poblaci\u00f3n\u201d, adem\u00e1s de que lament\u00f3 que la suspensi\u00f3n del servicio que prestan los recolectores de basura llegue a afectar a la ciudadan\u00eda que lo requiere.<\/p>\n<p>Destac\u00f3 que con la aprobaci\u00f3n de este impuesto, a partir de febrero las familias tendr\u00edan que realizar un pago \u201cobligatorio\u201d de 25 pesos por cada kilo de basura generado y que por tal motivo, los recolectores de residuos de la capital michoacana han decidido suspender actividades a partir del 15 y hasta el 26 de enero, con los da\u00f1os sociales que ello implica.<\/p>\n<p>Finalmente Salas Saenz ofreci\u00f3 dialogar con los recolectores para buscar salidas y soluciones que beneficien tanto al medio ambiente como a la poblaci\u00f3n que requiere del servicio.<\/p>\n<p>Lo anterior debido a que diputados de otros partidos ajenos a Morena aprobaron modificaciones al Art\u00edculo 14 de La Ley de Ingresos del Estado de Michoac\u00e1n de Ocampo para el Ejercicio Fiscal del 2019, impuesto al que se opuso Morena para no afectar a la poblaci\u00f3n.<\/p>\n","protected":false},"excerpt":{"rendered":"<p>La diputada de la LXXIV Legislatura del Congreso de Michoac\u00e1n, Mayela Salas Saenz afirm\u00f3 que los legisladores del Grupo Parlamentario del Movimiento de Regeneraci\u00f3n Nacional \u201cno votaron a favor del nuevo impuesto que se pretende cobrar a los michoacanos de 25 pesos por cada kilo de basura que generen en sus hogares\u201d. Es as\u00ed que [&hellip;]<\/p>\n","protected":false},"author":2,"featured_media":60333,"comment_status":"closed","ping_status":"closed","sticky":false,"template":"","format":"standard","meta":{"footnotes":""},"categories":[6],"tags":[],"class_list":["post-60332","post","type-post","status-publish","format-standard","has-post-thumbnail","hentry","category-congreso-del-estado"],"_links":{"self":[{"href":"https:\/\/radiowebmx.com\/nota\/wp-json\/wp\/v2\/posts\/60332","targetHints":{"allow":["GET"]}}],"collection":[{"href":"https:\/\/radiowebmx.com\/nota\/wp-json\/wp\/v2\/posts"}],"about":[{"href":"https:\/\/radiowebmx.com\/nota\/wp-json\/wp\/v2\/types\/post"}],"author":[{"embeddable":true,"href":"https:\/\/radiowebmx.com\/nota\/wp-json\/wp\/v2\/users\/2"}],"replies":[{"embeddable":true,"href":"https:\/\/radiowebmx.com\/nota\/wp-json\/wp\/v2\/comments?post=60332"}],"version-history":[{"count":1,"href":"https:\/\/radiowebmx.com\/nota\/wp-json\/wp\/v2\/posts\/60332\/revisions"}],"predecessor-version":[{"id":60334,"href":"https:\/\/radiowebmx.com\/nota\/wp-json\/wp\/v2\/posts\/60332\/revisions\/60334"}],"wp:featuredmedia":[{"embeddable":true,"href":"https:\/\/radiowebmx.com\/nota\/wp-json\/wp\/v2\/media\/60333"}],"wp:attachment":[{"href":"https:\/\/radiowebmx.com\/nota\/wp-json\/wp\/v2\/media?parent=60332"}],"wp:term":[{"taxonomy":"category","embeddable":true,"href":"https:\/\/radiowebmx.com\/nota\/wp-json\/wp\/v2\/categories?post=60332"},{"taxonomy":"post_tag","embeddable":true,"href":"https:\/\/radiowebmx.com\/nota\/wp-json\/wp\/v2\/tags?post=60332"}],"curies":[{"name":"wp","href":"https:\/\/api.w.org\/{rel}","templated":true}]}}