{"id":60311,"date":"2019-01-14T13:10:10","date_gmt":"2019-01-14T19:10:10","guid":{"rendered":"https:\/\/radiowebmx.com\/nota\/?p=60311"},"modified":"2019-01-14T13:10:10","modified_gmt":"2019-01-14T19:10:10","slug":"exige-bancada-del-pri-que-la-secretaria-de-economia-de-a-conocer-plan-por-alza-de-precios-orihuela-2","status":"publish","type":"post","link":"https:\/\/radiowebmx.com\/nota\/exige-bancada-del-pri-que-la-secretaria-de-economia-de-a-conocer-plan-por-alza-de-precios-orihuela-2\/","title":{"rendered":"EXIGE BANCADA DEL PRI QUE LA SECRETARIA DE ECONOM\u00cdA D\u00c9 A CONOCER PLAN  POR ALZA DE PRECIOS: ORIHUELA"},"content":{"rendered":"<p>\u2022 El desabasto de gasolina ha dejado severas afectaciones\u2022 El desabasto de gasolina ha dejado severas afectaciones<\/p>\n<p>Morelia, Mich., 13 de enero de 2019.- La bancada del Partido Revolucionario Institucional (PRI) en el congreso de Michoac\u00e1n exige a la Secretaria de Econom\u00eda, encabezada por Graciela M\u00e1rquez, d\u00e9 a conocer el plan que tiene el gobierno federal para contener el alza de precios en diversos productos, debido al desabasto de gasolina, indic\u00f3 Eduardo Orihuela Estefan.<br \/>\nEl coordinador de los pri\u00edstas en el poder legislativo, critic\u00f3 que incluso el propio combustible haya registrado incrementos, tal y como se ha registrado en diversas notas period\u00edsticas de medios nacionales y sobre todo por las quejas de quienes pasan horas o d\u00edas en Michoac\u00e1n, espera de poder surtir gasolina.<br \/>\nLos integrantes de la bancada del PRI, agreg\u00f3 Orihuela Estefan, est\u00e1n muy preocupados por el alza en productos de la canasta b\u00e1sica y que se registran en diversas centrales de abastos y mercados, aunado a que ha disminuido el n\u00famero de compradores precisamente porque no tienen gasolina para llegar a los comercios.<br \/>\nAunado a lo anterior, dijo, el servicio p\u00fablico tambi\u00e9n ha encarecido sus precios, espec\u00edficamente los taxis y es que ellos mismos padecen el problema del desabasto de gasolina.<br \/>\nPor lo anterior y en virtud de que muchos comercios m\u00e1s se han visto afectados pero los ciudadanos son los que enfrentan las peores situaciones, es que los legisladores del tricolor exigen al gobierno federal, en espec\u00edfico a la titular de la Secretar\u00eda de Econom\u00eda que se den a conocer las estrategias para evitar el desabasto de gasolina y contener el alza de precios en el pa\u00eds.<br \/>\nDe manera particular, enfatiz\u00f3 su preocupaci\u00f3n en que los productores en Michoac\u00e1n sufran p\u00e9rdidas importantes, ya que es de todos conocido que la entidad en l\u00edder productor en aguacate, lim\u00f3n, fresa, guayaba, zarzamora, guayaba, moringa, frambuesa, ar\u00e1ndano, mango y papaya, entre otros.<br \/>\nFinalmente, Orihuela Estefan se pronunci\u00f3 a favor de aquellas acciones que permitan el combate a la delincuencia, pero sin afectar a millones de mexicanos que hasta este momento desconocen las estrategias del gobierno federal para evitar el alza de precios y garantizar el abasto de gasolina.<\/p>\n","protected":false},"excerpt":{"rendered":"<p>\u2022 El desabasto de gasolina ha dejado severas afectaciones\u2022 El desabasto de gasolina ha dejado severas afectaciones Morelia, Mich., 13 de enero de 2019.- La bancada del Partido Revolucionario Institucional (PRI) en el congreso de Michoac\u00e1n exige a la Secretaria de Econom\u00eda, encabezada por Graciela M\u00e1rquez, d\u00e9 a conocer el plan que tiene el gobierno [&hellip;]<\/p>\n","protected":false},"author":2,"featured_media":60312,"comment_status":"closed","ping_status":"closed","sticky":false,"template":"","format":"standard","meta":{"footnotes":""},"categories":[6],"tags":[],"class_list":["post-60311","post","type-post","status-publish","format-standard","has-post-thumbnail","hentry","category-congreso-del-estado"],"_links":{"self":[{"href":"https:\/\/radiowebmx.com\/nota\/wp-json\/wp\/v2\/posts\/60311","targetHints":{"allow":["GET"]}}],"collection":[{"href":"https:\/\/radiowebmx.com\/nota\/wp-json\/wp\/v2\/posts"}],"about":[{"href":"https:\/\/radiowebmx.com\/nota\/wp-json\/wp\/v2\/types\/post"}],"author":[{"embeddable":true,"href":"https:\/\/radiowebmx.com\/nota\/wp-json\/wp\/v2\/users\/2"}],"replies":[{"embeddable":true,"href":"https:\/\/radiowebmx.com\/nota\/wp-json\/wp\/v2\/comments?post=60311"}],"version-history":[{"count":1,"href":"https:\/\/radiowebmx.com\/nota\/wp-json\/wp\/v2\/posts\/60311\/revisions"}],"predecessor-version":[{"id":60313,"href":"https:\/\/radiowebmx.com\/nota\/wp-json\/wp\/v2\/posts\/60311\/revisions\/60313"}],"wp:featuredmedia":[{"embeddable":true,"href":"https:\/\/radiowebmx.com\/nota\/wp-json\/wp\/v2\/media\/60312"}],"wp:attachment":[{"href":"https:\/\/radiowebmx.com\/nota\/wp-json\/wp\/v2\/media?parent=60311"}],"wp:term":[{"taxonomy":"category","embeddable":true,"href":"https:\/\/radiowebmx.com\/nota\/wp-json\/wp\/v2\/categories?post=60311"},{"taxonomy":"post_tag","embeddable":true,"href":"https:\/\/radiowebmx.com\/nota\/wp-json\/wp\/v2\/tags?post=60311"}],"curies":[{"name":"wp","href":"https:\/\/api.w.org\/{rel}","templated":true}]}}