{"id":60299,"date":"2019-01-14T12:56:01","date_gmt":"2019-01-14T18:56:01","guid":{"rendered":"https:\/\/radiowebmx.com\/nota\/?p=60299"},"modified":"2019-01-14T12:56:01","modified_gmt":"2019-01-14T18:56:01","slug":"exige-bancada-del-pri-que-la-secretaria-de-economia-de-a-conocer-plan-por-alza-de-precios-orihuela","status":"publish","type":"post","link":"https:\/\/radiowebmx.com\/nota\/exige-bancada-del-pri-que-la-secretaria-de-economia-de-a-conocer-plan-por-alza-de-precios-orihuela\/","title":{"rendered":"Exige bancada del PRI que la Secretaria de Econom\u00eda d\u00e9 a conocer plan por alza de precios: Orihuela"},"content":{"rendered":"<p>\u2022\u00a0\u00a0\u00a0\u00a0\u00a0\u00a0 El desabasto de gasolina ha dejado severas afectaciones<\/p>\n<p>Morelia; Michoac\u00e1n, 13 de enero de 2019.- La bancada del Partido<br \/>\nRevolucionario Institucional (PRI) en el Congreso de Michoac\u00e1n exige a<br \/>\nla Secretaria de Econom\u00eda, encabezada por Graciela M\u00e1rquez, d\u00e9 a<br \/>\nconocer el plan que tiene el gobierno federal para contener el alza de<br \/>\nprecios en diversos productos, debido al desabasto de gasolina, indic\u00f3<br \/>\nEduardo Orihuela Estefan.<\/p>\n<p>El coordinador de los pri\u00edstas en el poder legislativo, critic\u00f3 que<br \/>\nincluso el propio combustible haya registrado incrementos, tal y como<br \/>\nse ha registrado en diversas notas period\u00edsticas de medios nacionales<br \/>\ny sobre todo por las quejas de quienes pasan horas o d\u00edas en<br \/>\nMichoac\u00e1n, espera de poder surtir gasolina.<\/p>\n<p>Los integrantes de la bancada del PRI, agreg\u00f3 Orihuela Estefan, est\u00e1n<br \/>\nmuy preocupados por el alza en productos de la canasta b\u00e1sica y que se<br \/>\nregistran en diversas centrales de abastos y mercados, aunado a que ha<br \/>\ndisminuido el n\u00famero de compradores precisamente porque no tienen<br \/>\ngasolina para llegar a los comercios.<\/p>\n<p>Aunado a lo anterior, dijo, el servicio p\u00fablico tambi\u00e9n ha encarecido<br \/>\nsus precios, espec\u00edficamente los taxis y es que ellos mismos padecen<br \/>\nel problema del desabasto de gasolina.<\/p>\n<p>Por lo anterior y en virtud de que muchos comercios m\u00e1s se han visto<br \/>\nafectados pero los ciudadanos son los que enfrentan las peores<br \/>\nsituaciones, es que los legisladores del tricolor exigen al gobierno<br \/>\nfederal, en espec\u00edfico a la titular de la Secretar\u00eda de Econom\u00eda que<br \/>\nse den a conocer las estrategias para evitar el desabasto de gasolina<br \/>\ny contener el alza de precios en el pa\u00eds.<\/p>\n<p>De manera particular, enfatiz\u00f3 su preocupaci\u00f3n en que los productores<br \/>\nen Michoac\u00e1n sufran p\u00e9rdidas importantes, ya que es de todos conocido<br \/>\nque la entidad en l\u00edder productor en aguacate, lim\u00f3n, fresa, guayaba,<br \/>\nzarzamora, guayaba, moringa, frambuesa, ar\u00e1ndano, mango y papaya,<br \/>\nentre otros.<\/p>\n<p>Finalmente, Orihuela Estefan se pronunci\u00f3 a favor de aquellas acciones<br \/>\nque permitan el combate a la delincuencia, pero sin afectar a millones<br \/>\nde mexicanos que hasta este momento desconocen las estrategias del<br \/>\ngobierno federal para evitar el alza de precios y garantizar el abasto<br \/>\nde gasolina.<\/p>\n","protected":false},"excerpt":{"rendered":"<p>\u2022\u00a0\u00a0\u00a0\u00a0\u00a0\u00a0 El desabasto de gasolina ha dejado severas afectaciones Morelia; Michoac\u00e1n, 13 de enero de 2019.- La bancada del Partido Revolucionario Institucional (PRI) en el Congreso de Michoac\u00e1n exige a la Secretaria de Econom\u00eda, encabezada por Graciela M\u00e1rquez, d\u00e9 a conocer el plan que tiene el gobierno federal para contener el alza de precios en [&hellip;]<\/p>\n","protected":false},"author":2,"featured_media":60300,"comment_status":"closed","ping_status":"closed","sticky":false,"template":"","format":"standard","meta":{"footnotes":""},"categories":[6],"tags":[],"class_list":["post-60299","post","type-post","status-publish","format-standard","has-post-thumbnail","hentry","category-congreso-del-estado"],"_links":{"self":[{"href":"https:\/\/radiowebmx.com\/nota\/wp-json\/wp\/v2\/posts\/60299","targetHints":{"allow":["GET"]}}],"collection":[{"href":"https:\/\/radiowebmx.com\/nota\/wp-json\/wp\/v2\/posts"}],"about":[{"href":"https:\/\/radiowebmx.com\/nota\/wp-json\/wp\/v2\/types\/post"}],"author":[{"embeddable":true,"href":"https:\/\/radiowebmx.com\/nota\/wp-json\/wp\/v2\/users\/2"}],"replies":[{"embeddable":true,"href":"https:\/\/radiowebmx.com\/nota\/wp-json\/wp\/v2\/comments?post=60299"}],"version-history":[{"count":1,"href":"https:\/\/radiowebmx.com\/nota\/wp-json\/wp\/v2\/posts\/60299\/revisions"}],"predecessor-version":[{"id":60301,"href":"https:\/\/radiowebmx.com\/nota\/wp-json\/wp\/v2\/posts\/60299\/revisions\/60301"}],"wp:featuredmedia":[{"embeddable":true,"href":"https:\/\/radiowebmx.com\/nota\/wp-json\/wp\/v2\/media\/60300"}],"wp:attachment":[{"href":"https:\/\/radiowebmx.com\/nota\/wp-json\/wp\/v2\/media?parent=60299"}],"wp:term":[{"taxonomy":"category","embeddable":true,"href":"https:\/\/radiowebmx.com\/nota\/wp-json\/wp\/v2\/categories?post=60299"},{"taxonomy":"post_tag","embeddable":true,"href":"https:\/\/radiowebmx.com\/nota\/wp-json\/wp\/v2\/tags?post=60299"}],"curies":[{"name":"wp","href":"https:\/\/api.w.org\/{rel}","templated":true}]}}