{"id":60295,"date":"2019-01-14T12:54:42","date_gmt":"2019-01-14T18:54:42","guid":{"rendered":"https:\/\/radiowebmx.com\/nota\/?p=60295"},"modified":"2019-01-14T12:54:42","modified_gmt":"2019-01-14T18:54:42","slug":"prioridad-lograr-una-auditoria-superior-de-michoacan-fortalecida-miriam-tinoco","status":"publish","type":"post","link":"https:\/\/radiowebmx.com\/nota\/prioridad-lograr-una-auditoria-superior-de-michoacan-fortalecida-miriam-tinoco\/","title":{"rendered":"Prioridad lograr una Auditor\u00eda Superior de Michoac\u00e1n fortalecida: Miriam Tinoco"},"content":{"rendered":"<p class=\"x_gmail-MsoBodyText\"><span lang=\"ES\">\u00b7\u00a0\u00a0\u00a0\u00a0\u00a0\u00a0\u00a0\u00a0\u00a0<\/span><i><span lang=\"ES\">El Sistema Estatal Anticorrupci\u00f3n no estar\u00e1 integrado a cabalidad hasta en tanto no aterricemos la reingenier\u00eda de la Auditor\u00eda.<\/span><\/i><\/p>\n<p class=\"x_gmail-MsoBodyText\"><i><span lang=\"ES\">\u00a0<\/span><\/i><\/p>\n<p class=\"x_gmail-MsoBodyText\"><b><span lang=\"ES\">Morelia; Michoac\u00e1n, 13 de enero de 2019.-\u00a0<\/span><\/b><span lang=\"ES\">Lograr el fortalecimiento pleno de la Auditor\u00eda Superior de Michoac\u00e1n, es una de las prioridades del Congreso del Estado en este 2019, lo que permitir\u00e1 contribuir a la consolidaci\u00f3n del Sistema Estatal Anticorrupci\u00f3n, apunt\u00f3 la diputada Miriam Tinoco Soto, integrante de la Comisi\u00f3n Inspectora del \u00f3rgano de fiscalizaci\u00f3n en la LXXIV Legislatura del Congreso del Estado.<\/span><\/p>\n<p class=\"x_gmail-MsoBodyText\"><span lang=\"ES\">\u00a0<\/span><\/p>\n<p class=\"x_gmail-MsoBodyText\"><span lang=\"ES\">La diputada perredista record\u00f3 que una de las principales atribuciones del Poder Legislativo es el de la fiscalizaci\u00f3n de los recursos p\u00fablicos, por lo que es fundamental que las actividades en la materia a trav\u00e9s de la Auditor\u00eda Superior est\u00e9n configuradas apropiadamente y tengan un valor de mandato adecuado para lograr la encomienda.<\/span><\/p>\n<p class=\"x_gmail-MsoBodyText\"><span lang=\"ES\">\u00a0<\/span><\/p>\n<p class=\"x_gmail-MsoBodyText\"><span lang=\"ES\">\u201cEn la Comisi\u00f3n Inspectora ya inici\u00f3 la tarea para la confecci\u00f3n de un marco legal apropiado, de vanguardia y acorde a la legislaci\u00f3n federal y a las necesidades particulares del Estado, esfuerzos que implican tambi\u00e9n el fortalecimiento de la estructura de nuestro \u00f3rgano fiscalizador\u201d.<\/span><\/p>\n<p class=\"x_gmail-MsoBodyText\"><span lang=\"ES\">\u00a0<\/span><\/p>\n<p class=\"x_gmail-MsoBodyText\"><span lang=\"ES\">Miriam Tinoco Soto record\u00f3 que ya existen propuestas e iniciativas para concretar la reingenier\u00eda de la Auditor\u00eda, incluso emanadas de la propia instituci\u00f3n, todo ello con la idea de generar candados normativos y procedimentales para todos aquellos entes que est\u00e1n sujetos a fiscalizaci\u00f3n.<\/span><\/p>\n<p class=\"x_gmail-MsoBodyText\"><span lang=\"ES\">\u00a0<\/span><\/p>\n<p class=\"x_gmail-MsoBodyText\"><span lang=\"ES\">\u201cEl Sistema Estatal Anticorrupci\u00f3n no estar\u00e1 integrado a cabalidad hasta en tanto no aterricemos la reingenier\u00eda de la Auditor\u00eda Superior de Michoac\u00e1n que es un pilar fundamental en su estructura\u201d.<\/span><\/p>\n<p class=\"x_gmail-MsoBodyText\"><span lang=\"ES\">\u00a0<\/span><\/p>\n<p class=\"x_gmail-MsoBodyText\"><span lang=\"ES\">La legisladora apunt\u00f3 que la propia Auditor\u00eda ha se\u00f1alado entre las debilidades en el proceso de fiscalizaci\u00f3n, la falta de actualizaci\u00f3n de los sistemas inform\u00e1ticos, profesionalizaci\u00f3n en el organismo e insuficiencia en la plantilla de personal y nulo marco jur\u00eddico procedimental.<\/span><\/p>\n<p class=\"x_gmail-MsoBodyText\"><span lang=\"ES\">\u00a0<\/span><\/p>\n<p class=\"x_gmail-MsoBodyText\"><span lang=\"ES\">\u201cExisten elementos suficientes para arrancar la discusi\u00f3n, el an\u00e1lisis, elaborar las propuestas, plantear salidas, y ese es uno de los caminos centrales a recorrer por los diputados en estos momentos\u201d.<\/span><\/p>\n","protected":false},"excerpt":{"rendered":"<p>\u00b7\u00a0\u00a0\u00a0\u00a0\u00a0\u00a0\u00a0\u00a0\u00a0El Sistema Estatal Anticorrupci\u00f3n no estar\u00e1 integrado a cabalidad hasta en tanto no aterricemos la reingenier\u00eda de la Auditor\u00eda. \u00a0 Morelia; Michoac\u00e1n, 13 de enero de 2019.-\u00a0Lograr el fortalecimiento pleno de la Auditor\u00eda Superior de Michoac\u00e1n, es una de las prioridades del Congreso del Estado en este 2019, lo que permitir\u00e1 contribuir a la consolidaci\u00f3n [&hellip;]<\/p>\n","protected":false},"author":2,"featured_media":60297,"comment_status":"closed","ping_status":"closed","sticky":false,"template":"","format":"standard","meta":{"footnotes":""},"categories":[6],"tags":[],"class_list":["post-60295","post","type-post","status-publish","format-standard","has-post-thumbnail","hentry","category-congreso-del-estado"],"_links":{"self":[{"href":"https:\/\/radiowebmx.com\/nota\/wp-json\/wp\/v2\/posts\/60295","targetHints":{"allow":["GET"]}}],"collection":[{"href":"https:\/\/radiowebmx.com\/nota\/wp-json\/wp\/v2\/posts"}],"about":[{"href":"https:\/\/radiowebmx.com\/nota\/wp-json\/wp\/v2\/types\/post"}],"author":[{"embeddable":true,"href":"https:\/\/radiowebmx.com\/nota\/wp-json\/wp\/v2\/users\/2"}],"replies":[{"embeddable":true,"href":"https:\/\/radiowebmx.com\/nota\/wp-json\/wp\/v2\/comments?post=60295"}],"version-history":[{"count":1,"href":"https:\/\/radiowebmx.com\/nota\/wp-json\/wp\/v2\/posts\/60295\/revisions"}],"predecessor-version":[{"id":60298,"href":"https:\/\/radiowebmx.com\/nota\/wp-json\/wp\/v2\/posts\/60295\/revisions\/60298"}],"wp:featuredmedia":[{"embeddable":true,"href":"https:\/\/radiowebmx.com\/nota\/wp-json\/wp\/v2\/media\/60297"}],"wp:attachment":[{"href":"https:\/\/radiowebmx.com\/nota\/wp-json\/wp\/v2\/media?parent=60295"}],"wp:term":[{"taxonomy":"category","embeddable":true,"href":"https:\/\/radiowebmx.com\/nota\/wp-json\/wp\/v2\/categories?post=60295"},{"taxonomy":"post_tag","embeddable":true,"href":"https:\/\/radiowebmx.com\/nota\/wp-json\/wp\/v2\/tags?post=60295"}],"curies":[{"name":"wp","href":"https:\/\/api.w.org\/{rel}","templated":true}]}}