{"id":60281,"date":"2019-01-12T18:36:43","date_gmt":"2019-01-13T00:36:43","guid":{"rendered":"https:\/\/radiowebmx.com\/nota\/?p=60281"},"modified":"2019-01-12T18:36:43","modified_gmt":"2019-01-13T00:36:43","slug":"los-ciudadanos-libres-tendran-voz-en-la-jucopo-celebra-javier-paredes-2","status":"publish","type":"post","link":"https:\/\/radiowebmx.com\/nota\/los-ciudadanos-libres-tendran-voz-en-la-jucopo-celebra-javier-paredes-2\/","title":{"rendered":"Los ciudadanos libres tendr\u00e1n voz en la JUCOPO, celebra Javier Paredes"},"content":{"rendered":"<p>Las ciudadanas y los ciudadanos libres de Michoac\u00e1n tendr\u00e1n una voz firme dentro de la Junta de Coordinaci\u00f3n Pol\u00edtica (JUCOPO) del Congreso del Estado, celebr\u00f3 el Diputado Ciudadano Javier Paredes Andrade.<br \/>\nEsto luego de la conformaci\u00f3n de la Representaci\u00f3n Parlamentaria con la diputada independiente Wilma Zavala Ram\u00edrez, que fue notificada a la Mesa Directiva del Congreso local.<br \/>\nCon esta Representaci\u00f3n Parlamentaria, explic\u00f3 Paredes Andrade, se da un paso m\u00e1s para que la agenda legislativa de la ciudadan\u00eda sea colocada para su discusi\u00f3n dentro de la agenda del Congreso del Estado.<br \/>\nDesde la Junta de Coordinaci\u00f3n Pol\u00edtica esta representaci\u00f3n conformada por los diputados Javier Paredes y Wilma Zavala se incidir\u00e1 en los temas de mayor importancia para la sociedad michoacana, que se tratan desde el Poder Legislativo.<br \/>\nResulta de la mayor relevancia esta representaci\u00f3n porque se avecinan discusiones fundamentales para el estado, como lo es la designaci\u00f3n del Fiscal General del Estado, el relevo en la titularidad de la Auditor\u00eda Superior de Michoac\u00e1n (ASM) y tambi\u00e9n el nuevo comisionado para el Instituto Michoacano de Transparencia, Acceso a la Informaci\u00f3n y Protecci\u00f3n de Datos Personales (IMAIP).<br \/>\nEstas tres posiciones son fundamentales para poder combatir la corrupci\u00f3n y tambi\u00e9n erradicar la impunidad que tanto han afectado de forma hist\u00f3rica a las michoacanas y a los michoacanos, as\u00f3 como el desarrollo de la entidad.<\/p>\n","protected":false},"excerpt":{"rendered":"<p>Las ciudadanas y los ciudadanos libres de Michoac\u00e1n tendr\u00e1n una voz firme dentro de la Junta de Coordinaci\u00f3n Pol\u00edtica (JUCOPO) del Congreso del Estado, celebr\u00f3 el Diputado Ciudadano Javier Paredes Andrade. Esto luego de la conformaci\u00f3n de la Representaci\u00f3n Parlamentaria con la diputada independiente Wilma Zavala Ram\u00edrez, que fue notificada a la Mesa Directiva del [&hellip;]<\/p>\n","protected":false},"author":2,"featured_media":60282,"comment_status":"closed","ping_status":"closed","sticky":false,"template":"","format":"standard","meta":{"footnotes":""},"categories":[6],"tags":[],"class_list":["post-60281","post","type-post","status-publish","format-standard","has-post-thumbnail","hentry","category-congreso-del-estado"],"_links":{"self":[{"href":"https:\/\/radiowebmx.com\/nota\/wp-json\/wp\/v2\/posts\/60281","targetHints":{"allow":["GET"]}}],"collection":[{"href":"https:\/\/radiowebmx.com\/nota\/wp-json\/wp\/v2\/posts"}],"about":[{"href":"https:\/\/radiowebmx.com\/nota\/wp-json\/wp\/v2\/types\/post"}],"author":[{"embeddable":true,"href":"https:\/\/radiowebmx.com\/nota\/wp-json\/wp\/v2\/users\/2"}],"replies":[{"embeddable":true,"href":"https:\/\/radiowebmx.com\/nota\/wp-json\/wp\/v2\/comments?post=60281"}],"version-history":[{"count":1,"href":"https:\/\/radiowebmx.com\/nota\/wp-json\/wp\/v2\/posts\/60281\/revisions"}],"predecessor-version":[{"id":60283,"href":"https:\/\/radiowebmx.com\/nota\/wp-json\/wp\/v2\/posts\/60281\/revisions\/60283"}],"wp:featuredmedia":[{"embeddable":true,"href":"https:\/\/radiowebmx.com\/nota\/wp-json\/wp\/v2\/media\/60282"}],"wp:attachment":[{"href":"https:\/\/radiowebmx.com\/nota\/wp-json\/wp\/v2\/media?parent=60281"}],"wp:term":[{"taxonomy":"category","embeddable":true,"href":"https:\/\/radiowebmx.com\/nota\/wp-json\/wp\/v2\/categories?post=60281"},{"taxonomy":"post_tag","embeddable":true,"href":"https:\/\/radiowebmx.com\/nota\/wp-json\/wp\/v2\/tags?post=60281"}],"curies":[{"name":"wp","href":"https:\/\/api.w.org\/{rel}","templated":true}]}}