{"id":6015,"date":"2014-03-13T12:18:54","date_gmt":"2014-03-13T18:18:54","guid":{"rendered":"https:\/\/radiowebmx.com\/nota\/?p=6015"},"modified":"2014-04-03T12:41:06","modified_gmt":"2014-04-03T18:41:06","slug":"participa-secretario-de-educacion-en-foros-de-consulta-nacional-para-la-revision-del-modelo-educativo","status":"publish","type":"post","link":"https:\/\/radiowebmx.com\/nota\/participa-secretario-de-educacion-en-foros-de-consulta-nacional-para-la-revision-del-modelo-educativo\/","title":{"rendered":"PARTICIPA SECRETARIO DE EDUCACI\u00d3N EN FOROS DE CONSULTA NACIONAL PARA LA REVISI\u00d3N DEL MODELO EDUCATIVO"},"content":{"rendered":"<p><a href=\"https:\/\/radiowebmx.com\/nota\/wp-content\/uploads\/2014\/03\/la-foto-31.jpg\"><img loading=\"lazy\" decoding=\"async\" class=\"alignleft size-full wp-image-6016\" alt=\"la foto 3\" src=\"https:\/\/radiowebmx.com\/nota\/wp-content\/uploads\/2014\/03\/la-foto-31.jpg\" width=\"591\" height=\"266\" \/><\/a>El secretario de Educaci\u00f3n, J. Jes\u00fas Sierra Arias, particip\u00f3 en el Foro de Consulta Nacional para la Revisi\u00f3n del Modelo Educativo Regi\u00f3n 4 que tiene lugar en la ciudad de Puebla, Puebla, en el que Michoac\u00e1n demostr\u00f3 su inter\u00e9s en el an\u00e1lisis de los programas para lograr una educaci\u00f3n de calidad e inclusiva.<\/p>\n<p>&nbsp;<\/p>\n<p>En este evento el funcionario michoacano expres\u00f3 la importancia de formar parte de estas actividades junto con sus hom\u00f3logos de las entidades de Colima, Guerrero, Hidalgo, Estado de M\u00e9xico y el estado anfitri\u00f3n.<\/p>\n<p>&nbsp;<\/p>\n<p>Sierra Arias manifest\u00f3 su compromiso para lograr una educaci\u00f3n de calidad, y coincidi\u00f3 con las bases de estos Foros de Consulta, en la que se destaca que el quehacer educativo est\u00e1 sustentado en el Art\u00edculo 3\u00b0 de la Constituci\u00f3n Pol\u00edtica de los Estados Unidos Mexicanos que establece la educaci\u00f3n p\u00fablica, laica y gratuita. \u201cEn virtud de la Reforma Constitucional de febrero de 2013, la educaci\u00f3n debe ser de calidad\u201d.<\/p>\n<p>&nbsp;<\/p>\n<p>Estos foros de las diferentes regiones del pa\u00eds revisan el modelo con el fin de establecer aquello que es menester trasformar; as\u00ed como mantener o potenciar porque constituye un valor de nuestra educaci\u00f3n.<\/p>\n<p>&nbsp;<\/p>\n<p>La actividad, a la que acudieron m\u00e1s de 2 mil asistentes, fue inaugurada por el gobernador de Puebla, Rafael Moreno Valle, y la subsecretaria de Educaci\u00f3n B\u00e1sica de la Secretar\u00eda de Educaci\u00f3n P\u00fablica, Alba Mart\u00ednez Oliv\u00e9.<\/p>\n<p>&nbsp;<\/p>\n<p>Las tem\u00e1ticas que se abordaron este d\u00eda son: \u201cEl reto de educar a los mexicanos en el siglo XXI; \u201cQu\u00e9 es lo b\u00e1sico e indispensable\u201d; \u201cC\u00f3mo organizar la escuela de educaci\u00f3n b\u00e1sica; \u201cC\u00f3mo garantizar la inclusi\u00f3n en educaci\u00f3n b\u00e1sica\u201d, y el \u00faltimo relacionado con el Desarrollo Profesional Docente.<\/p>\n<p>&nbsp;<\/p>\n<p>&nbsp;<\/p>\n","protected":false},"excerpt":{"rendered":"<p>El secretario de Educaci\u00f3n, J. Jes\u00fas Sierra Arias, particip\u00f3 en el Foro de Consulta Nacional para la Revisi\u00f3n del Modelo Educativo Regi\u00f3n 4 que tiene lugar en la ciudad de Puebla, Puebla, en el que Michoac\u00e1n demostr\u00f3 su inter\u00e9s en el an\u00e1lisis de los programas para lograr una educaci\u00f3n de calidad e inclusiva.<\/p>\n","protected":false},"author":1,"featured_media":0,"comment_status":"open","ping_status":"open","sticky":false,"template":"","format":"standard","meta":{"footnotes":""},"categories":[14,3],"tags":[],"class_list":["post-6015","post","type-post","status-publish","format-standard","hentry","category-destacadas","category-gobierno-del-estado-de-michoacan"],"_links":{"self":[{"href":"https:\/\/radiowebmx.com\/nota\/wp-json\/wp\/v2\/posts\/6015","targetHints":{"allow":["GET"]}}],"collection":[{"href":"https:\/\/radiowebmx.com\/nota\/wp-json\/wp\/v2\/posts"}],"about":[{"href":"https:\/\/radiowebmx.com\/nota\/wp-json\/wp\/v2\/types\/post"}],"author":[{"embeddable":true,"href":"https:\/\/radiowebmx.com\/nota\/wp-json\/wp\/v2\/users\/1"}],"replies":[{"embeddable":true,"href":"https:\/\/radiowebmx.com\/nota\/wp-json\/wp\/v2\/comments?post=6015"}],"version-history":[{"count":3,"href":"https:\/\/radiowebmx.com\/nota\/wp-json\/wp\/v2\/posts\/6015\/revisions"}],"predecessor-version":[{"id":6018,"href":"https:\/\/radiowebmx.com\/nota\/wp-json\/wp\/v2\/posts\/6015\/revisions\/6018"}],"wp:attachment":[{"href":"https:\/\/radiowebmx.com\/nota\/wp-json\/wp\/v2\/media?parent=6015"}],"wp:term":[{"taxonomy":"category","embeddable":true,"href":"https:\/\/radiowebmx.com\/nota\/wp-json\/wp\/v2\/categories?post=6015"},{"taxonomy":"post_tag","embeddable":true,"href":"https:\/\/radiowebmx.com\/nota\/wp-json\/wp\/v2\/tags?post=6015"}],"curies":[{"name":"wp","href":"https:\/\/api.w.org\/{rel}","templated":true}]}}