{"id":60147,"date":"2019-01-07T13:52:21","date_gmt":"2019-01-07T19:52:21","guid":{"rendered":"https:\/\/radiowebmx.com\/nota\/?p=60147"},"modified":"2019-01-07T13:52:21","modified_gmt":"2019-01-07T19:52:21","slug":"pide-partido-verde-michoacan-a-la-federacion-reconsiderar-logistica-de-distribucion-de-combustible","status":"publish","type":"post","link":"https:\/\/radiowebmx.com\/nota\/pide-partido-verde-michoacan-a-la-federacion-reconsiderar-logistica-de-distribucion-de-combustible\/","title":{"rendered":"Pide Partido Verde Michoac\u00e1n a la Federaci\u00f3n reconsiderar log\u00edstica de distribuci\u00f3n de combustible"},"content":{"rendered":"<p>&#8211; Necesario que se midan los costos-beneficios de la estrategia, para que sean m\u00e1s ordenados los cortes de la gasolina: N\u00fa\u00f1ez Aguilar<\/p>\n<p>Morelia, Michoac\u00e1n, a 07 de enero del 2019.- El dirigente estatal del Partido Verde Ecologista de M\u00e9xico (PVEM) en la entidad, Ernesto N\u00fa\u00f1ez Aguilar, se manifest\u00f3 en contra de la log\u00edstica aplicada por el Gobierno de la Rep\u00fablica para la distribuci\u00f3n del combustible, lo cual, ha tra\u00eddo afectaciones considerables a seis estados del pa\u00eds, entre ellos, Michoac\u00e1n.<\/p>\n<p>\u201cEs necesario que se midan bien los costos-beneficios de la estrategia para que sean m\u00e1s ordenados los cortes del combustible en los ductos de Petr\u00f3leos Mexicanos (PEMEX), ya que se afecta a la ciudadan\u00eda ante la constante demanda que hay en Morelia y el interior del estado\u201d, indic\u00f3 N\u00fa\u00f1ez Aguilar.<\/p>\n<p>Se\u00f1al\u00f3 que, si bien PEMEX ha optado por utilizar medios de transporte m\u00e1s seguros para el abastecimiento de las 90 estaciones de Morelia y adicionalmente las que se ubican en el interior del estado, lo cual modific\u00f3 la log\u00edstica de entrega, en lo que respecta a Michoac\u00e1n se tienen que incrementar las brigadas de suministro.<\/p>\n<p>\u201cPetr\u00f3leos Mexicanos (PEMEX) dice que no hay desabasto y que los precios no se incrementar\u00e1n, habr\u00e1 que confiar, sin embargo, y para evitar escenarios m\u00e1s agudos de p\u00e1nico y desesperaci\u00f3n, pugnamos porque se analice la viabilidad de esta estrategia\u201d, expres\u00f3.<\/p>\n<p>Agreg\u00f3 que, al ser Michoac\u00e1n una de las entidades cuyo desarrollo econ\u00f3mico se genera a trav\u00e9s de \u00e1reas productivas en las que el combustible es necesario para el transporte y movimiento de productos, por mencionar algunas, tambi\u00e9n pidi\u00f3 m\u00e1s claridad por parte de la Federaci\u00f3n a fin de no generar m\u00e1s zozobra en la sociedad.<\/p>\n","protected":false},"excerpt":{"rendered":"<p>&#8211; Necesario que se midan los costos-beneficios de la estrategia, para que sean m\u00e1s ordenados los cortes de la gasolina: N\u00fa\u00f1ez Aguilar Morelia, Michoac\u00e1n, a 07 de enero del 2019.- El dirigente estatal del Partido Verde Ecologista de M\u00e9xico (PVEM) en la entidad, Ernesto N\u00fa\u00f1ez Aguilar, se manifest\u00f3 en contra de la log\u00edstica aplicada por [&hellip;]<\/p>\n","protected":false},"author":2,"featured_media":60148,"comment_status":"closed","ping_status":"closed","sticky":false,"template":"","format":"standard","meta":{"footnotes":""},"categories":[6],"tags":[],"class_list":["post-60147","post","type-post","status-publish","format-standard","has-post-thumbnail","hentry","category-congreso-del-estado"],"_links":{"self":[{"href":"https:\/\/radiowebmx.com\/nota\/wp-json\/wp\/v2\/posts\/60147","targetHints":{"allow":["GET"]}}],"collection":[{"href":"https:\/\/radiowebmx.com\/nota\/wp-json\/wp\/v2\/posts"}],"about":[{"href":"https:\/\/radiowebmx.com\/nota\/wp-json\/wp\/v2\/types\/post"}],"author":[{"embeddable":true,"href":"https:\/\/radiowebmx.com\/nota\/wp-json\/wp\/v2\/users\/2"}],"replies":[{"embeddable":true,"href":"https:\/\/radiowebmx.com\/nota\/wp-json\/wp\/v2\/comments?post=60147"}],"version-history":[{"count":1,"href":"https:\/\/radiowebmx.com\/nota\/wp-json\/wp\/v2\/posts\/60147\/revisions"}],"predecessor-version":[{"id":60149,"href":"https:\/\/radiowebmx.com\/nota\/wp-json\/wp\/v2\/posts\/60147\/revisions\/60149"}],"wp:featuredmedia":[{"embeddable":true,"href":"https:\/\/radiowebmx.com\/nota\/wp-json\/wp\/v2\/media\/60148"}],"wp:attachment":[{"href":"https:\/\/radiowebmx.com\/nota\/wp-json\/wp\/v2\/media?parent=60147"}],"wp:term":[{"taxonomy":"category","embeddable":true,"href":"https:\/\/radiowebmx.com\/nota\/wp-json\/wp\/v2\/categories?post=60147"},{"taxonomy":"post_tag","embeddable":true,"href":"https:\/\/radiowebmx.com\/nota\/wp-json\/wp\/v2\/tags?post=60147"}],"curies":[{"name":"wp","href":"https:\/\/api.w.org\/{rel}","templated":true}]}}