{"id":60129,"date":"2019-01-07T13:15:10","date_gmt":"2019-01-07T19:15:10","guid":{"rendered":"https:\/\/radiowebmx.com\/nota\/?p=60129"},"modified":"2019-01-07T13:15:10","modified_gmt":"2019-01-07T19:15:10","slug":"el-presidente-municipal-de-morelia-asistio-a-la-ceremonia-conmemorativa-del-ccv-aniversario-del-natalicio-de-don-melchor-ocampo","status":"publish","type":"post","link":"https:\/\/radiowebmx.com\/nota\/el-presidente-municipal-de-morelia-asistio-a-la-ceremonia-conmemorativa-del-ccv-aniversario-del-natalicio-de-don-melchor-ocampo\/","title":{"rendered":"El presidente municipal de Morelia, asisti\u00f3 a la ceremonia conmemorativa del CCV Aniversario del Natalicio de Don Melchor Ocampo"},"content":{"rendered":"<p>El presidente municipal de Morelia, Ra\u00fal Mor\u00f3n Orozco, asisti\u00f3 a la ceremonia conmemorativa del CCV Aniversario del Natalicio de Don Melchor Ocampo, que encabeza en homenaje la benem\u00e9rita y centenaria Universidad Michoacana de San Nicol\u00e1s de Hidalgo (UMSNH).<\/p>\n<p>Ante el rector de la M\u00e1xima Casa de Estudios, Medardo Serna Gonz\u00e1lez, el Secretario de Educaci\u00f3n en el Estado, Alberto Frutis Sol\u00eds, as\u00ed como de la comunidad nicolaita, el edil capitalino, acompa\u00f1\u00f3 la ceremonia de tributo a Ocampo.<\/p>\n<p>Fue en el Colegio Primitivo y Nacional de San Nicol\u00e1s de Hidalgo, donde autoridades educativas, municipales y estatales, depositaron una primera Ofrenda Floral, para luego hacer lo propio en la preparatoria nicolaita que lleva por nombre a tan importante personaje hist\u00f3rico.<\/p>\n<p>Acto seguido, autoridades realizaron el tradicional desfile c\u00edvico, con rumbo a la plaza \u201cMelchor Ocampo\u201d, donde una vez m\u00e1s, se mont\u00f3 Guardia de Honor en su monumento hist\u00f3rico y se rindieron honores a la Bandera, as\u00ed como la entonaci\u00f3n de las gloriosas notas del Himno Nacional Mexicano.<\/p>\n","protected":false},"excerpt":{"rendered":"<p>El presidente municipal de Morelia, Ra\u00fal Mor\u00f3n Orozco, asisti\u00f3 a la ceremonia conmemorativa del CCV Aniversario del Natalicio de Don Melchor Ocampo, que encabeza en homenaje la benem\u00e9rita y centenaria Universidad Michoacana de San Nicol\u00e1s de Hidalgo (UMSNH). Ante el rector de la M\u00e1xima Casa de Estudios, Medardo Serna Gonz\u00e1lez, el Secretario de Educaci\u00f3n en [&hellip;]<\/p>\n","protected":false},"author":2,"featured_media":60130,"comment_status":"closed","ping_status":"closed","sticky":false,"template":"","format":"standard","meta":{"footnotes":""},"categories":[9],"tags":[],"class_list":["post-60129","post","type-post","status-publish","format-standard","has-post-thumbnail","hentry","category-morelia"],"_links":{"self":[{"href":"https:\/\/radiowebmx.com\/nota\/wp-json\/wp\/v2\/posts\/60129","targetHints":{"allow":["GET"]}}],"collection":[{"href":"https:\/\/radiowebmx.com\/nota\/wp-json\/wp\/v2\/posts"}],"about":[{"href":"https:\/\/radiowebmx.com\/nota\/wp-json\/wp\/v2\/types\/post"}],"author":[{"embeddable":true,"href":"https:\/\/radiowebmx.com\/nota\/wp-json\/wp\/v2\/users\/2"}],"replies":[{"embeddable":true,"href":"https:\/\/radiowebmx.com\/nota\/wp-json\/wp\/v2\/comments?post=60129"}],"version-history":[{"count":1,"href":"https:\/\/radiowebmx.com\/nota\/wp-json\/wp\/v2\/posts\/60129\/revisions"}],"predecessor-version":[{"id":60131,"href":"https:\/\/radiowebmx.com\/nota\/wp-json\/wp\/v2\/posts\/60129\/revisions\/60131"}],"wp:featuredmedia":[{"embeddable":true,"href":"https:\/\/radiowebmx.com\/nota\/wp-json\/wp\/v2\/media\/60130"}],"wp:attachment":[{"href":"https:\/\/radiowebmx.com\/nota\/wp-json\/wp\/v2\/media?parent=60129"}],"wp:term":[{"taxonomy":"category","embeddable":true,"href":"https:\/\/radiowebmx.com\/nota\/wp-json\/wp\/v2\/categories?post=60129"},{"taxonomy":"post_tag","embeddable":true,"href":"https:\/\/radiowebmx.com\/nota\/wp-json\/wp\/v2\/tags?post=60129"}],"curies":[{"name":"wp","href":"https:\/\/api.w.org\/{rel}","templated":true}]}}