{"id":60123,"date":"2019-01-07T13:01:17","date_gmt":"2019-01-07T19:01:17","guid":{"rendered":"https:\/\/radiowebmx.com\/nota\/?p=60123"},"modified":"2019-01-07T13:01:17","modified_gmt":"2019-01-07T19:01:17","slug":"llenos-de-ilusion-miles-de-ninos-y-ninas-vieron-llegar-a-los-reyes-magos-a-morelia","status":"publish","type":"post","link":"https:\/\/radiowebmx.com\/nota\/llenos-de-ilusion-miles-de-ninos-y-ninas-vieron-llegar-a-los-reyes-magos-a-morelia\/","title":{"rendered":"Llenos de ilusi\u00f3n, miles de ni\u00f1os y ni\u00f1as vieron llegar a los Reyes Magos a Morelia"},"content":{"rendered":"<p>&#8211; El Gobernador Silvano Aureoles y el presidente municipal Ra\u00fal Mor\u00f3n presenciaron el recorrido y junto a Monse\u00f1or Carlos Garfias Merlos, autorizaron a Melchor, Gaspar y Baltazar la entrega de juguetes esta noche.<\/p>\n<p>&#8211; Con alegr\u00eda e ilusi\u00f3n las familias convivieron y disfrutaron de la Cabalgata del D\u00eda de Reyes 2019, organizada por el Gobierno del Estado y el Ayuntamiento de Morelia.<\/p>\n<p>Morelia, Michoac\u00e1n, a 5 de enero de 2019.- COMUNICADO 348\/2019.<\/p>\n<p>En un ambiente familiar, lleno de magia e ilusi\u00f3n, la tarde-noche de este s\u00e1bado, miles de familias se dieron cita en la Avenida Madero para disfrutar y ser part\u00edcipes de la Cabalgata del D\u00eda de Reyes 2019.<\/p>\n<p>Por tercer a\u00f1o consecutivo el Gobierno del Estado, a trav\u00e9s del Sistema para el Desarrollo Integral de la Familia (DIF) y el Ayuntamiento de Morelia organizaron el evento, tan esperado cada inicio de a\u00f1o, por miles de ni\u00f1os y ni\u00f1as.<\/p>\n<p>\u201cMe parece muy bien que el Gobierno se tome su tiempo y organice estas actividades para que los ni\u00f1os disfruten este d\u00eda de reyes\u201d, expres\u00f3 Alejandra Romero.<\/p>\n<p>\u201cEs muy importante que no se pierdan las tradiciones y seguir inculcando a los ni\u00f1os la tradici\u00f3n del D\u00eda de reyes que es muy mexicana\u201d, comparti\u00f3 Emiliano Carranza.<\/p>\n<p>Peque\u00f1os con rostros llenos de ilusi\u00f3n y alegr\u00eda disfrutaron de los m\u00faltiples carros aleg\u00f3ricos que recorrieron la antigua Calle Real, mismos que transportaron a sus personajes infantiles favoritos, como El Grinch, Rayo McQueen, Frozen, Pepa Pig, Mickey, Minions, entre otros.<\/p>\n<p>Todos ellos encabezados por los Tres Reyes Magos: Melchor, Gaspar y Baltazar, quienes fueron recibidos con alegr\u00eda y gritos de emoci\u00f3n y aplausos por las ni\u00f1as y ni\u00f1os, j\u00f3venes y adultos.<\/p>\n<p>\u201cMe gusta que pasen los Reyes para verlos y decirles lo que quiero\u201d, expres\u00f3 la peque\u00f1a Natalia Mej\u00eda.<\/p>\n<p>\u201cEs su ilusi\u00f3n, es una bonita tradici\u00f3n cuando los ni\u00f1os ven a los reyes magos se llenan de ilusi\u00f3n y le gusta venir los a ver para pedirle sus juguetes\u201d, comparti\u00f3 Elizabeth Corona.<\/p>\n<p>En el desfile, las y los peque\u00f1os tambi\u00e9n se divirtieron con el Tren M\u00e1gico del Zool\u00f3gico de Morelia, las Tortugas Ninja y Rodolfo el Reno.<\/p>\n<p>Es importante destacar que desfilaron un total de 24 carros aleg\u00f3ricos, desde donde entregaron juguetes, sonrisas y dulces a las ni\u00f1as y ni\u00f1os que m\u00e1s aplaudieron hasta llegar a Palacio de Gobierno.<\/p>\n","protected":false},"excerpt":{"rendered":"<p>&#8211; El Gobernador Silvano Aureoles y el presidente municipal Ra\u00fal Mor\u00f3n presenciaron el recorrido y junto a Monse\u00f1or Carlos Garfias Merlos, autorizaron a Melchor, Gaspar y Baltazar la entrega de juguetes esta noche. &#8211; Con alegr\u00eda e ilusi\u00f3n las familias convivieron y disfrutaron de la Cabalgata del D\u00eda de Reyes 2019, organizada por el Gobierno [&hellip;]<\/p>\n","protected":false},"author":2,"featured_media":60124,"comment_status":"closed","ping_status":"closed","sticky":false,"template":"","format":"standard","meta":{"footnotes":""},"categories":[9],"tags":[],"class_list":["post-60123","post","type-post","status-publish","format-standard","has-post-thumbnail","hentry","category-morelia"],"_links":{"self":[{"href":"https:\/\/radiowebmx.com\/nota\/wp-json\/wp\/v2\/posts\/60123","targetHints":{"allow":["GET"]}}],"collection":[{"href":"https:\/\/radiowebmx.com\/nota\/wp-json\/wp\/v2\/posts"}],"about":[{"href":"https:\/\/radiowebmx.com\/nota\/wp-json\/wp\/v2\/types\/post"}],"author":[{"embeddable":true,"href":"https:\/\/radiowebmx.com\/nota\/wp-json\/wp\/v2\/users\/2"}],"replies":[{"embeddable":true,"href":"https:\/\/radiowebmx.com\/nota\/wp-json\/wp\/v2\/comments?post=60123"}],"version-history":[{"count":1,"href":"https:\/\/radiowebmx.com\/nota\/wp-json\/wp\/v2\/posts\/60123\/revisions"}],"predecessor-version":[{"id":60125,"href":"https:\/\/radiowebmx.com\/nota\/wp-json\/wp\/v2\/posts\/60123\/revisions\/60125"}],"wp:featuredmedia":[{"embeddable":true,"href":"https:\/\/radiowebmx.com\/nota\/wp-json\/wp\/v2\/media\/60124"}],"wp:attachment":[{"href":"https:\/\/radiowebmx.com\/nota\/wp-json\/wp\/v2\/media?parent=60123"}],"wp:term":[{"taxonomy":"category","embeddable":true,"href":"https:\/\/radiowebmx.com\/nota\/wp-json\/wp\/v2\/categories?post=60123"},{"taxonomy":"post_tag","embeddable":true,"href":"https:\/\/radiowebmx.com\/nota\/wp-json\/wp\/v2\/tags?post=60123"}],"curies":[{"name":"wp","href":"https:\/\/api.w.org\/{rel}","templated":true}]}}