{"id":60120,"date":"2019-01-07T12:59:00","date_gmt":"2019-01-07T18:59:00","guid":{"rendered":"https:\/\/radiowebmx.com\/nota\/?p=60120"},"modified":"2019-01-07T12:59:31","modified_gmt":"2019-01-07T18:59:31","slug":"invita-secretaria-de-cultura-de-morelia-al-homenaje-de-juan-gabriel-en-paracuaro","status":"publish","type":"post","link":"https:\/\/radiowebmx.com\/nota\/invita-secretaria-de-cultura-de-morelia-al-homenaje-de-juan-gabriel-en-paracuaro\/","title":{"rendered":"Invita Secretar\u00eda de Cultura de Morelia al homenaje de Juan Gabriel en Par\u00e1cuaro"},"content":{"rendered":"<p>&#8211; El compositor michoacano ser\u00e1 recordado en su tierra natal este lunes 7 de enero con diversas actividades art\u00edsticas.<\/p>\n<p>&nbsp;<\/p>\n<p>La Secretar\u00eda de Cultura de Morelia invita a toda la sociedad a acudir al homenaje que el Comit\u00e9 Regresa a Casa Alberto realizar\u00e1 en memoria de Juan Gabriel este lunes 7 de enero en su natal Par\u00e1cuaro.<\/p>\n<p>Las actividades art\u00edstico-culturales estar\u00e1n enmarcadas en el aniversario del natalicio de Alberto Aguilera Valadez, quien en este 2019 cumplir\u00eda 69 a\u00f1os de edad.<\/p>\n<p>\u201cPara nosotros es un gusto apoyar en la difusi\u00f3n de las iniciativas ciudadanas como \u2018Te recuerdo dulcemente\u2019, interacci\u00f3n cultural que se realizar\u00e1 en Par\u00e1cuaro en memoria del destacado compositor michoacano, quien dej\u00f3 un amplio legado musical y que represent\u00f3 a nuestra tierra y a nuestro pa\u00eds en el extranjero, demostrando la calidad y el gran talento art\u00edstico con el que contamos tanto en Morelia como en Michoac\u00e1n\u201d, coment\u00f3 Cardiela Amezcua Luna, titular de la Secretar\u00eda de Cultura de Morelia.<\/p>\n<p>Por su parte, Juan Carrillo, organizador y miembro del Comit\u00e9 Regresa a Casa Alberto dio los detalles del programa que ser\u00e1 disfrutado por el p\u00fablico que llegar\u00e1 de distintas partes del pa\u00eds.<\/p>\n<p>\u201cAgradecemos el apoyo que el Ayuntamiento de Morelia a trav\u00e9s de su Secretar\u00eda de Cultura est\u00e1 brindando en la proyecci\u00f3n de este evento que iniciar\u00e1 a las 7:00 de la ma\u00f1ana con Las Ma\u00f1anitas que cantaremos en la casa donde naci\u00f3 nuestro querido Alberto\u201d.<\/p>\n<p>Carrillo agreg\u00f3: \u201cPosteriormente y a la espera de m\u00e1s p\u00fablico y de las personas que tenemos confirmadas lleguen de otros estados del pa\u00eds, a las 7:00 de la tarde en la Iglesia de la Asunci\u00f3n realizaremos una misa en honor de Juan Gabriel. Al t\u00e9rmino todos nos trasladaremos a la Plaza Principal para dar inicio con el concierto que tenemos preparado con artistas michoacanos como Silvia Zepeda, quien ocup\u00f3 el quinto lugar en un reality musical de la televisi\u00f3n mexicana, ella estar\u00e1 acompa\u00f1ada del Mariachi Real Apatzing\u00e1n\u201d.<\/p>\n<p>Natalia Baeza y Jos\u00e9 Ja\u00edr Nabore, ser\u00e1n otros de los cantantes presentes en el concierto, pero adem\u00e1s, los vecinos, amigos y familiares recordar\u00e1n a Alberto con la proyecci\u00f3n de distintos videos, conferencias y compartir\u00e1n an\u00e9cdotas con los clubes de fans de Juan Gabriel que llegar\u00e1n de todo el pa\u00eds, concluy\u00f3 Carrillo.<\/p>\n","protected":false},"excerpt":{"rendered":"<p>&#8211; El compositor michoacano ser\u00e1 recordado en su tierra natal este lunes 7 de enero con diversas actividades art\u00edsticas. &nbsp; La Secretar\u00eda de Cultura de Morelia invita a toda la sociedad a acudir al homenaje que el Comit\u00e9 Regresa a Casa Alberto realizar\u00e1 en memoria de Juan Gabriel este lunes 7 de enero en su [&hellip;]<\/p>\n","protected":false},"author":2,"featured_media":60121,"comment_status":"closed","ping_status":"closed","sticky":false,"template":"","format":"standard","meta":{"footnotes":""},"categories":[9],"tags":[],"class_list":["post-60120","post","type-post","status-publish","format-standard","has-post-thumbnail","hentry","category-morelia"],"_links":{"self":[{"href":"https:\/\/radiowebmx.com\/nota\/wp-json\/wp\/v2\/posts\/60120","targetHints":{"allow":["GET"]}}],"collection":[{"href":"https:\/\/radiowebmx.com\/nota\/wp-json\/wp\/v2\/posts"}],"about":[{"href":"https:\/\/radiowebmx.com\/nota\/wp-json\/wp\/v2\/types\/post"}],"author":[{"embeddable":true,"href":"https:\/\/radiowebmx.com\/nota\/wp-json\/wp\/v2\/users\/2"}],"replies":[{"embeddable":true,"href":"https:\/\/radiowebmx.com\/nota\/wp-json\/wp\/v2\/comments?post=60120"}],"version-history":[{"count":1,"href":"https:\/\/radiowebmx.com\/nota\/wp-json\/wp\/v2\/posts\/60120\/revisions"}],"predecessor-version":[{"id":60122,"href":"https:\/\/radiowebmx.com\/nota\/wp-json\/wp\/v2\/posts\/60120\/revisions\/60122"}],"wp:featuredmedia":[{"embeddable":true,"href":"https:\/\/radiowebmx.com\/nota\/wp-json\/wp\/v2\/media\/60121"}],"wp:attachment":[{"href":"https:\/\/radiowebmx.com\/nota\/wp-json\/wp\/v2\/media?parent=60120"}],"wp:term":[{"taxonomy":"category","embeddable":true,"href":"https:\/\/radiowebmx.com\/nota\/wp-json\/wp\/v2\/categories?post=60120"},{"taxonomy":"post_tag","embeddable":true,"href":"https:\/\/radiowebmx.com\/nota\/wp-json\/wp\/v2\/tags?post=60120"}],"curies":[{"name":"wp","href":"https:\/\/api.w.org\/{rel}","templated":true}]}}