{"id":6012,"date":"2014-03-12T11:21:37","date_gmt":"2014-03-12T17:21:37","guid":{"rendered":"https:\/\/radiowebmx.com\/nota\/?p=6012"},"modified":"2014-03-12T11:21:37","modified_gmt":"2014-03-12T17:21:37","slug":"pgj-michoacan-detiene-a-hipolito-mora-por-probable-responsabilidad-en-grado-de-coparticipacion-del-asesinato-de-rafael-sanchez-y-jose-luis-torres","status":"publish","type":"post","link":"https:\/\/radiowebmx.com\/nota\/pgj-michoacan-detiene-a-hipolito-mora-por-probable-responsabilidad-en-grado-de-coparticipacion-del-asesinato-de-rafael-sanchez-y-jose-luis-torres\/","title":{"rendered":"PGJ Michoac\u00e1n detiene a Hip\u00f3lito Mora por probable responsabilidad en grado de coparticipaci\u00f3n del asesinato de Rafael S\u00e1nchez y Jos\u00e9 Luis Torres"},"content":{"rendered":"<p>La Procuradur\u00eda General de Justicia del Estado de Michoac\u00e1n informa que como resultado de diversas investigaciones y testimonios de personas del municipio de Buenavista, se se\u00f1ala la probable responsabilidad en grado de coparticipaci\u00f3n de Hip\u00f3lito Mora Ch\u00e1vez y otras personas de su grupo, en el asesinato de Rafael S\u00e1nchez Moreno y Jos\u00e9 Luis Torres Casta\u00f1eda, quienes fueran encontrados calcinados el pasado s\u00e1bado 8 de marzo, raz\u00f3n por la cual Mora Ch\u00e1vez fue detenido por esta Procuradur\u00eda y se integr\u00f3 al n\u00famero de averiguaci\u00f3n 019\/2014-UT.<\/p>\n","protected":false},"excerpt":{"rendered":"<p>La Procuradur\u00eda General de Justicia del Estado de Michoac\u00e1n informa que como resultado de diversas investigaciones y testimonios de personas del municipio de Buenavista, se se\u00f1ala la probable responsabilidad en grado de coparticipaci\u00f3n de Hip\u00f3lito Mora Ch\u00e1vez y otras personas de su grupo,<\/p>\n","protected":false},"author":1,"featured_media":0,"comment_status":"open","ping_status":"open","sticky":false,"template":"","format":"standard","meta":{"footnotes":""},"categories":[3],"tags":[],"class_list":["post-6012","post","type-post","status-publish","format-standard","hentry","category-gobierno-del-estado-de-michoacan"],"_links":{"self":[{"href":"https:\/\/radiowebmx.com\/nota\/wp-json\/wp\/v2\/posts\/6012","targetHints":{"allow":["GET"]}}],"collection":[{"href":"https:\/\/radiowebmx.com\/nota\/wp-json\/wp\/v2\/posts"}],"about":[{"href":"https:\/\/radiowebmx.com\/nota\/wp-json\/wp\/v2\/types\/post"}],"author":[{"embeddable":true,"href":"https:\/\/radiowebmx.com\/nota\/wp-json\/wp\/v2\/users\/1"}],"replies":[{"embeddable":true,"href":"https:\/\/radiowebmx.com\/nota\/wp-json\/wp\/v2\/comments?post=6012"}],"version-history":[{"count":2,"href":"https:\/\/radiowebmx.com\/nota\/wp-json\/wp\/v2\/posts\/6012\/revisions"}],"predecessor-version":[{"id":6014,"href":"https:\/\/radiowebmx.com\/nota\/wp-json\/wp\/v2\/posts\/6012\/revisions\/6014"}],"wp:attachment":[{"href":"https:\/\/radiowebmx.com\/nota\/wp-json\/wp\/v2\/media?parent=6012"}],"wp:term":[{"taxonomy":"category","embeddable":true,"href":"https:\/\/radiowebmx.com\/nota\/wp-json\/wp\/v2\/categories?post=6012"},{"taxonomy":"post_tag","embeddable":true,"href":"https:\/\/radiowebmx.com\/nota\/wp-json\/wp\/v2\/tags?post=6012"}],"curies":[{"name":"wp","href":"https:\/\/api.w.org\/{rel}","templated":true}]}}