{"id":60107,"date":"2019-01-03T20:08:36","date_gmt":"2019-01-04T02:08:36","guid":{"rendered":"https:\/\/radiowebmx.com\/nota\/?p=60107"},"modified":"2019-01-03T20:08:36","modified_gmt":"2019-01-04T02:08:36","slug":"reciben-autoridades-estatales-y-municipales-a-los-reyes-magos-en-cabalgata-el-5-de-enero","status":"publish","type":"post","link":"https:\/\/radiowebmx.com\/nota\/reciben-autoridades-estatales-y-municipales-a-los-reyes-magos-en-cabalgata-el-5-de-enero\/","title":{"rendered":"Reciben autoridades estatales y municipales a \u201cLos Reyes Magos\u201d en Cabalgata el 5 de Enero"},"content":{"rendered":"<p>&#8211; El 6 de enero en la Plaza Valladolid se partir\u00e1 la Rosca de Reyes para 12 mil personas.<\/p>\n<p>Morelia, Michoac\u00e1n, a 2 de enero de 2019.- COMUNICADO 341\/2018.<\/p>\n<p>Para recibir a Los Reyes Magos el Sistema para el Desarrollo Integral de la Familia (DIF), Michoac\u00e1n, DIF Municipal Morelia y el Arzobispado de Morelia se unen en una cabalgata este s\u00e1bado 5 de enero, sobre la avenida Madero desde las 5 de la tarde.<\/p>\n<p>El domingo 6 de enero la Plaza Valladolid ser\u00e1 el escenario para partir la Gran Rosca de Reyes a las que est\u00e1n invitadas 12 mil personas de acuerdo a lo que explicaron en rueda de prensa Roc\u00edo Beamonte Romero, directora del DIF Michoac\u00e1n; Rosalva Vidal P\u00e9rez, presidenta del DIF Municipal Morelia; Monse\u00f1or Carlos Garfias Merlos, arzobispo de Morelia; Roberto Monroy, Secretario de Turismo del Ayuntamiento de Morelia, C\u00e9sar Omar Cort\u00e9s P\u00e9rez, Director de Cultura Emblem\u00e1tica de la Secretar\u00eda de Cultura y Oliverio Cruz Guti\u00e9rrez, delegado de la C\u00e1mara de la Industria Panificadora en Michoac\u00e1n.<\/p>\n<p>Roc\u00edo Beamonte Romero detall\u00f3 que la Caravana de Reyes Magos como es tradici\u00f3n partir\u00e1 desde las Tarascas a las 5 e la tarde, el s\u00e1bado 5 de enero, rumbo a Palacio de Gobierno, lugar en el que Melchor, Gaspar y Baltazar saludar\u00e1n a las autoridades estatales y municipales como ya es tradici\u00f3n, y seguir\u00e1n su camino por la avenida Madero rumbo al Obelisco al General L\u00e1zaro C\u00e1rdenas, para despu\u00e9s iniciar con su visita a los hogares de los ni\u00f1os y ni\u00f1as que recibir\u00e1n un presente.<\/p>\n<p>La presidenta del Sistema DIF Municipal Morelia, Rosalva Vidal P\u00e9rez explic\u00f3 que como es tradici\u00f3n el domingo 6 de enero, a las 4 de la tarde se realizar\u00e1 una gran reuni\u00f3n familiar para partir una gran rosca de Reyes, que hecha por los integrantes de la C\u00e1mara de la Industria Panificadora, se espera disfruten unas 12 mil personas en la Plaza Valladolid, lugar en el que tambi\u00e9n se repartir\u00e1n juguetes.<\/p>\n<p>El Arzobispo de Morelia propuso a los presentes seguir comprometidos con la construcci\u00f3n de la Paz, a crear un ambiente de armon\u00eda y unidad, que nos permita un M\u00e9xico justo reconciliado y en tranquilidad, como lo es una Cabalgata de Reyes Magos, una expresi\u00f3n para caminar juntos y que se hace en torno a la Navidad, parte dela fiesta de la Epifan\u00eda del se\u00f1or que forma parte de la Navidad.<\/p>\n<p>Roberto Monroy, secretario de Turismo recomend\u00f3 a los padres de familia, fomentar a los ni\u00f1os y las ni\u00f1as el cuidado de medio ambiente, no soltando los globos en los que en ocasiones se manda la carta, sino logar de una forma creativa, fortalecerlas ventas de los globeros, pero sin contaminar.<\/p>\n<p>Aseguro se tratar\u00e1 de afectar lo menos posible el tr\u00e1nsito vehicular del resto de los automovilistas en los 3 kil\u00f3metros de recorrido.<\/p>\n<p>Se explic\u00f3 que posterior al paso de la Cabalgata en la Catedral de Morelia el s\u00e1bado 5 a las 9 de la noche se har\u00e1 un encendido especial de la iluminaci\u00f3n, y a las 9:30 un v\u00eddeo mapping especial en la Plaza Valladolid.<\/p>\n","protected":false},"excerpt":{"rendered":"<p>&#8211; El 6 de enero en la Plaza Valladolid se partir\u00e1 la Rosca de Reyes para 12 mil personas. Morelia, Michoac\u00e1n, a 2 de enero de 2019.- COMUNICADO 341\/2018. Para recibir a Los Reyes Magos el Sistema para el Desarrollo Integral de la Familia (DIF), Michoac\u00e1n, DIF Municipal Morelia y el Arzobispado de Morelia se [&hellip;]<\/p>\n","protected":false},"author":2,"featured_media":60108,"comment_status":"closed","ping_status":"closed","sticky":false,"template":"","format":"standard","meta":{"footnotes":""},"categories":[9],"tags":[],"class_list":["post-60107","post","type-post","status-publish","format-standard","has-post-thumbnail","hentry","category-morelia"],"_links":{"self":[{"href":"https:\/\/radiowebmx.com\/nota\/wp-json\/wp\/v2\/posts\/60107","targetHints":{"allow":["GET"]}}],"collection":[{"href":"https:\/\/radiowebmx.com\/nota\/wp-json\/wp\/v2\/posts"}],"about":[{"href":"https:\/\/radiowebmx.com\/nota\/wp-json\/wp\/v2\/types\/post"}],"author":[{"embeddable":true,"href":"https:\/\/radiowebmx.com\/nota\/wp-json\/wp\/v2\/users\/2"}],"replies":[{"embeddable":true,"href":"https:\/\/radiowebmx.com\/nota\/wp-json\/wp\/v2\/comments?post=60107"}],"version-history":[{"count":2,"href":"https:\/\/radiowebmx.com\/nota\/wp-json\/wp\/v2\/posts\/60107\/revisions"}],"predecessor-version":[{"id":60110,"href":"https:\/\/radiowebmx.com\/nota\/wp-json\/wp\/v2\/posts\/60107\/revisions\/60110"}],"wp:featuredmedia":[{"embeddable":true,"href":"https:\/\/radiowebmx.com\/nota\/wp-json\/wp\/v2\/media\/60108"}],"wp:attachment":[{"href":"https:\/\/radiowebmx.com\/nota\/wp-json\/wp\/v2\/media?parent=60107"}],"wp:term":[{"taxonomy":"category","embeddable":true,"href":"https:\/\/radiowebmx.com\/nota\/wp-json\/wp\/v2\/categories?post=60107"},{"taxonomy":"post_tag","embeddable":true,"href":"https:\/\/radiowebmx.com\/nota\/wp-json\/wp\/v2\/tags?post=60107"}],"curies":[{"name":"wp","href":"https:\/\/api.w.org\/{rel}","templated":true}]}}