{"id":6008,"date":"2014-03-12T11:18:40","date_gmt":"2014-03-12T17:18:40","guid":{"rendered":"https:\/\/radiowebmx.com\/nota\/?p=6008"},"modified":"2014-03-12T11:18:40","modified_gmt":"2014-03-12T17:18:40","slug":"ponen-a-michoacan-como-ejemplo-en-coordinacion-en-materia-de-seguridad","status":"publish","type":"post","link":"https:\/\/radiowebmx.com\/nota\/ponen-a-michoacan-como-ejemplo-en-coordinacion-en-materia-de-seguridad\/","title":{"rendered":"PONEN A MICHOAC\u00c1N COMO EJEMPLO EN COORDINACI\u00d3N EN MATERIA DE SEGURIDAD"},"content":{"rendered":"<p><a href=\"https:\/\/radiowebmx.com\/nota\/wp-content\/uploads\/2014\/03\/DCM_0081.jpg\"><img loading=\"lazy\" decoding=\"async\" class=\"alignleft size-full wp-image-6009\" alt=\"DCM_0081\" src=\"https:\/\/radiowebmx.com\/nota\/wp-content\/uploads\/2014\/03\/DCM_0081.jpg\" width=\"591\" height=\"283\" \/><\/a>El gobernador del estado, Fausto Vallejo Figueroa, acudi\u00f3 la tarde de este martes a la reuni\u00f3n de los gobernadores de la Regi\u00f3n Occidente del pa\u00eds, con el Gabinete de Seguridad Federal, encabezado por el secretario de Gobernaci\u00f3n, Miguel \u00c1ngel Osorio Chong, donde se destacaron las labores de coordinaci\u00f3n de las fuerzas federales con la autoridad estatal de Michoac\u00e1n, para hacer frente a la violencia y fortalecer el desarrollo socioecon\u00f3mico.<\/p>\n<p>En el encuentro, se evaluaron los avances en materia de seguridad que se llevan a cabo en las entidades que forman la zona Occidente: Colima, Guanajuato, Jalisco, Nayarit, Quer\u00e9taro, Zacatecas y Michoac\u00e1n.<\/p>\n<p>Al respecto, el encargado de la pol\u00edtica interna del pa\u00eds, destac\u00f3 los esfuerzos de los mandatarios estatales para que de manera conjunta, se entreguen resultados satisfactorios a la ciudadan\u00eda, por lo que apunt\u00f3, los compromisos adquiridos en cada una de estas reuniones, por instrucci\u00f3n del presidente de M\u00e9xico Enrique Pe\u00f1a Nieto, se cumplen a cabalidad.<\/p>\n<p>Al poner sobre la mesa las labores de coordinaci\u00f3n que se llevan a cabo en nuestra entidad, tal como lo ha se\u00f1alado en otras ocasiones, Osorio Chong enfatiz\u00f3 que el Gobierno de la Rep\u00fablica se mantendr\u00e1 en Michoac\u00e1n hasta que las instituciones estatales cuenten con la suficiente fortaleza para enfrentar la delincuencia y potenciar el desarrollo que se requiere.<\/p>\n<p>Sobre este tema, el mandatario michoacano Fausto Vallejo, reiter\u00f3 que como en mucho tiempo no se tuvo, ahora Michoac\u00e1n cuenta con el respaldo del gobierno del presidente Enrique Pe\u00f1a Nieto, para alcanzar la tranquilidad que la poblaci\u00f3n exige, as\u00ed como elevar su calidad de vida.<\/p>\n<p>Fueron part\u00edcipes de este encuentro, los secretarios de Defensa Nacional, General Salvador Cienfuegos Zepeda; de Marina, Almirante Vidal Francisco Sober\u00f3n Sanz; el procurador general de la Rep\u00fablica, Jes\u00fas Murillo Karam; el Comisionado Nacional de Seguridad, Manuel Mondrag\u00f3n y Kalb, y el director general del CISEN, Eugenio \u00cdmaz Gispert.<\/p>\n<p>As\u00ed como los gobernadores de Colima, Mario Anguiano Moreno; de Guanajuato, Miguel M\u00e1rquez M\u00e1rquez; de Jalisco, Arist\u00f3teles Sandoval D\u00edaz; de Nayarit, Roberto Sandoval Casta\u00f1eda; de Quer\u00e9taro, Jos\u00e9 Eduardo Calzada Rovirosa y de Zacatecas, Miguel Alonso Reyes.<\/p>\n<p>&nbsp;<\/p>\n","protected":false},"excerpt":{"rendered":"<p>El gobernador del estado, Fausto Vallejo Figueroa, acudi\u00f3 la tarde de este martes a la reuni\u00f3n de los gobernadores de la Regi\u00f3n Occidente del pa\u00eds, con el Gabinete de Seguridad Federal, encabezado por el secretario de Gobernaci\u00f3n, Miguel \u00c1ngel Osorio Chong, <\/p>\n","protected":false},"author":1,"featured_media":0,"comment_status":"open","ping_status":"open","sticky":false,"template":"","format":"standard","meta":{"footnotes":""},"categories":[14,3],"tags":[],"class_list":["post-6008","post","type-post","status-publish","format-standard","hentry","category-destacadas","category-gobierno-del-estado-de-michoacan"],"_links":{"self":[{"href":"https:\/\/radiowebmx.com\/nota\/wp-json\/wp\/v2\/posts\/6008","targetHints":{"allow":["GET"]}}],"collection":[{"href":"https:\/\/radiowebmx.com\/nota\/wp-json\/wp\/v2\/posts"}],"about":[{"href":"https:\/\/radiowebmx.com\/nota\/wp-json\/wp\/v2\/types\/post"}],"author":[{"embeddable":true,"href":"https:\/\/radiowebmx.com\/nota\/wp-json\/wp\/v2\/users\/1"}],"replies":[{"embeddable":true,"href":"https:\/\/radiowebmx.com\/nota\/wp-json\/wp\/v2\/comments?post=6008"}],"version-history":[{"count":2,"href":"https:\/\/radiowebmx.com\/nota\/wp-json\/wp\/v2\/posts\/6008\/revisions"}],"predecessor-version":[{"id":6011,"href":"https:\/\/radiowebmx.com\/nota\/wp-json\/wp\/v2\/posts\/6008\/revisions\/6011"}],"wp:attachment":[{"href":"https:\/\/radiowebmx.com\/nota\/wp-json\/wp\/v2\/media?parent=6008"}],"wp:term":[{"taxonomy":"category","embeddable":true,"href":"https:\/\/radiowebmx.com\/nota\/wp-json\/wp\/v2\/categories?post=6008"},{"taxonomy":"post_tag","embeddable":true,"href":"https:\/\/radiowebmx.com\/nota\/wp-json\/wp\/v2\/tags?post=6008"}],"curies":[{"name":"wp","href":"https:\/\/api.w.org\/{rel}","templated":true}]}}