{"id":60073,"date":"2019-01-03T19:46:30","date_gmt":"2019-01-04T01:46:30","guid":{"rendered":"https:\/\/radiowebmx.com\/nota\/?p=60073"},"modified":"2019-01-03T19:46:30","modified_gmt":"2019-01-04T01:46:30","slug":"tono-garcia-cierra-con-varias-iniciativas-ante-el-senado-de-la-republica","status":"publish","type":"post","link":"https:\/\/radiowebmx.com\/nota\/tono-garcia-cierra-con-varias-iniciativas-ante-el-senado-de-la-republica\/","title":{"rendered":"To\u00f1o Garc\u00eda cierra con varias iniciativas ante el Senado de la Rep\u00fablica"},"content":{"rendered":"<p>\u2022 Tras su llegado a la C\u00e1mara Alta, el pasado 1 de septiembre ha presentado 4 iniciativas y 4 puntos de acuerdo\u00a0\u2022 Tras su llegado a la C\u00e1mara Alta, el pasado 1 de septiembre ha presentado 4 iniciativas y 4 puntos de acuerdo\u00a0Morelia, Michoac\u00e1n a 31 de diciembre de 2018.- To\u00f1o Garc\u00eda, quien este a\u00f1o sum\u00f3 m\u00e1s de medio mill\u00f3n de votos para representar a Michoac\u00e1n ante el Senado de la Rep\u00fablica, cerr\u00f3 el trabajo legislativo con cuatro y iniciativas y cuatro puntos de acuerdo.Al recoger de primera mano las necesidades de la gente por todo Michoac\u00e1n, To\u00f1o Garc\u00eda ha continuado con la gesti\u00f3n permanente de recursos para diversos proyectos y ocup\u00f3 la tribuna para plantear soluciones a las problem\u00e1ticas de su estado y su pa\u00eds, al ser parte tambi\u00e9n de cuatro importantes comisiones.\u00a0To\u00f1o Garc\u00eda present\u00f3 en primera instancia la iniciativa para crear la Secretar\u00eda de Econom\u00eda Social y Solidaria; incluir la figura jur\u00eddica de Indicador Geogr\u00e1fico, para otorgar protecci\u00f3n a productos artesanales que tienen determinadas caracter\u00edsticas, calidades y fama ganada.Impuls\u00f3 la protecci\u00f3n de los trabajadores y trabajadoras dom\u00e9sticas, a los beneficios del seguro social. As\u00ed como incluir en el Presupuesto de Egresos de la Federaci\u00f3n un rubro sobre presupuesto participativo.\u201cCon el fin de que la poblaci\u00f3n exprese sus opiniones para la elaboraci\u00f3n, actualizaci\u00f3n y ejecuci\u00f3n del plan y los programas populares\u201d.Tambi\u00e9n logr\u00f3 la proposici\u00f3n y aprobaci\u00f3n de un punto de acuerdo para que, a trav\u00e9s de la Procuradur\u00eda Federal del Consumidor (PROFECO), se aplique la norma que garantiza la venta confiable de gasolina y di\u00e9sel, en las estaciones de servicio o gasolineras del pa\u00eds, as\u00ed como del punto de acuerdo que exhorta al Ejecutivo Federal a firmar el Protocolo Facultativo del Pacto Internacional de Derechos Econ\u00f3micos, Culturales y Sociales, para que se creen procedimientos que permitan que personas y grupos de personas presenten reclamos formales, cuando los Estados violen derechos reconocidos en un tratado de Derechos Humanos.Asimismo To\u00f1o Garc\u00eda hizo uso de los puntos de acuerdo para que en el pr\u00f3ximo Programa Nacional de Desarrollo 2018-2024 se establezca como estrategia una mayor inversi\u00f3n al turismo y particularmente al fortalecimiento de municipios con potencial tur\u00edstico y para que en el Presupuesto de Egresos de la Federaci\u00f3n para el Ejercicio Fiscal de 2019 se considerara recurso suficiente dentro del rubro de soluciones habitacionales de vivienda nueva de la Secretaria de Desarrollo Agrario Territorial y Urbano.To\u00f1o Garc\u00eda tambi\u00e9n hizo uso de la tribuna para pedir recursos extraordinarios para atender las contingencias derivadas de las lluvias de este a\u00f1o en Michoac\u00e1n y para que se resuelva la situaci\u00f3n financiera de la Universidad Michoacana de San Nicol\u00e1s de Hidalgo.<\/p>\n","protected":false},"excerpt":{"rendered":"<p>\u2022 Tras su llegado a la C\u00e1mara Alta, el pasado 1 de septiembre ha presentado 4 iniciativas y 4 puntos de acuerdo\u00a0\u2022 Tras su llegado a la C\u00e1mara Alta, el pasado 1 de septiembre ha presentado 4 iniciativas y 4 puntos de acuerdo\u00a0Morelia, Michoac\u00e1n a 31 de diciembre de 2018.- To\u00f1o Garc\u00eda, quien este a\u00f1o [&hellip;]<\/p>\n","protected":false},"author":2,"featured_media":60074,"comment_status":"closed","ping_status":"closed","sticky":false,"template":"","format":"standard","meta":{"footnotes":""},"categories":[6],"tags":[],"class_list":["post-60073","post","type-post","status-publish","format-standard","has-post-thumbnail","hentry","category-congreso-del-estado"],"_links":{"self":[{"href":"https:\/\/radiowebmx.com\/nota\/wp-json\/wp\/v2\/posts\/60073","targetHints":{"allow":["GET"]}}],"collection":[{"href":"https:\/\/radiowebmx.com\/nota\/wp-json\/wp\/v2\/posts"}],"about":[{"href":"https:\/\/radiowebmx.com\/nota\/wp-json\/wp\/v2\/types\/post"}],"author":[{"embeddable":true,"href":"https:\/\/radiowebmx.com\/nota\/wp-json\/wp\/v2\/users\/2"}],"replies":[{"embeddable":true,"href":"https:\/\/radiowebmx.com\/nota\/wp-json\/wp\/v2\/comments?post=60073"}],"version-history":[{"count":1,"href":"https:\/\/radiowebmx.com\/nota\/wp-json\/wp\/v2\/posts\/60073\/revisions"}],"predecessor-version":[{"id":60075,"href":"https:\/\/radiowebmx.com\/nota\/wp-json\/wp\/v2\/posts\/60073\/revisions\/60075"}],"wp:featuredmedia":[{"embeddable":true,"href":"https:\/\/radiowebmx.com\/nota\/wp-json\/wp\/v2\/media\/60074"}],"wp:attachment":[{"href":"https:\/\/radiowebmx.com\/nota\/wp-json\/wp\/v2\/media?parent=60073"}],"wp:term":[{"taxonomy":"category","embeddable":true,"href":"https:\/\/radiowebmx.com\/nota\/wp-json\/wp\/v2\/categories?post=60073"},{"taxonomy":"post_tag","embeddable":true,"href":"https:\/\/radiowebmx.com\/nota\/wp-json\/wp\/v2\/tags?post=60073"}],"curies":[{"name":"wp","href":"https:\/\/api.w.org\/{rel}","templated":true}]}}