{"id":6005,"date":"2014-03-12T11:12:04","date_gmt":"2014-03-12T17:12:04","guid":{"rendered":"https:\/\/radiowebmx.com\/nota\/?p=6005"},"modified":"2014-03-12T11:12:04","modified_gmt":"2014-03-12T17:12:04","slug":"la-sedesol-y-la-cfe-formalizaron-alianza-estrategica%e2%80%8f","status":"publish","type":"post","link":"https:\/\/radiowebmx.com\/nota\/la-sedesol-y-la-cfe-formalizaron-alianza-estrategica%e2%80%8f\/","title":{"rendered":"La Sedesol y la CFE formalizaron alianza estrat\u00e9gica\u200f"},"content":{"rendered":"<div><a href=\"https:\/\/radiowebmx.com\/nota\/wp-content\/uploads\/2014\/03\/IMG-20140311-WA0005.jpg\"><img loading=\"lazy\" decoding=\"async\" class=\"alignleft size-full wp-image-6006\" alt=\"IMG-20140311-WA0005\" src=\"https:\/\/radiowebmx.com\/nota\/wp-content\/uploads\/2014\/03\/IMG-20140311-WA0005.jpg\" width=\"591\" height=\"216\" \/><\/a>Este martes la Sedesol y la CFE formalizaron alianza estrat\u00e9gica con alcaldes de Michoac\u00e1n para llevar obras de electrificaci\u00f3n a comunidades y localidades que lo requieran.<\/div>\n<div><\/div>\n<div>El delegado de la Sedesol en Michoac\u00e1n, V\u00edctor Silva, confirm\u00f3 una inversi\u00f3n tripartita de 69.6 millones de pesos para ejecutar obras de electrificaci\u00f3n durante el 2014 en municipios de la Costa, Tierra Caliente y la Meseta Pur\u00e9pecha, en beneficio de m\u00e1s de 20 mil 210 habitantes.<\/div>\n<div><\/div>\n<div>Al realizar intensa gira de trabajo, el delegado firm\u00f3 convenios de coordinaci\u00f3n con presidentes municipales reunidos en las ciudades de Uruapan, M\u00fagica y L\u00e1zaro C\u00e1rdenas para aterrizar a paso acelerado la instrucci\u00f3n que dio el presidente Enrique Pe\u00f1a Nieto el pasado 25 de febrero en Chilchota, a fin de abatir el rezago de abasto de energ\u00eda el\u00e9ctrica.<\/div>\n<div>Durante las reuniones, los alcaldes externaron su gratitud por la voluntad del presidente de la Rep\u00fablica para resolver los problemas de pobreza, al incluirlos dentro de la estrategia de la Cruzada contra el Hambre para mejorar las condiciones de vida de miles de hogares.<\/div>\n<div><\/div>\n<div>La alianza estrat\u00e9gica implica una coinversi\u00f3n de recursos entre los tres niveles de gobierno, a trav\u00e9s de la coordinaci\u00f3n de la Sedesol en el Fondo de Aportaciones de Infraestructura Social (FAIS), en beneficio de 5 mil 289 viviendas que hoy se encuentran sin electrificaci\u00f3n.<\/div>\n<div><\/div>\n<div>A las 10 de la ma\u00f1ana de este martes, en Uruapan, Silva Tejeda sign\u00f3 convenio con los presidentes municipales de Chilchota, Paracho, Tanc\u00edtaro, Tangamandapio, Tanganc\u00edcuaro, Tingambato, Ting\u00fcind\u00edn y Uruapan. Alrededor de las 12:30 horas, en M\u00fagica, el delegado de la Sedesol formaliz\u00f3 la coordinaci\u00f3n con los ediles de Apatzing\u00e1n, Churumuco, Car\u00e1cuaro, Coalcom\u00e1n, Gabriel Zamora, La Huacana, M\u00fagica, Nuevo Urecho y Paracuaro.<\/div>\n<div><\/div>\n<div>A las 17 horas, el funcionario federal firm\u00f3 convenio con los alcaldes de Aquila, Arteaga, Coahuayana, Tumbiscat\u00edo y L\u00e1zaro C\u00e1rdenas. En los distintos eventos particip\u00f3 el gerente general de la Divisi\u00f3n Centro Occidente de la CFE en Michoac\u00e1n, Roberto Vidal Le\u00f3n.<\/div>\n<div><\/div>\n<div>Este mi\u00e9rcoles, en la capital michoacana, el delegado de la Sedesol har\u00e1 lo propio con los presidentes municipales de Hidalgo, Maravat\u00edo, Morelia, Nocup\u00e9taro, Zamora y Zit\u00e1cuaro.<\/div>\n<div><\/div>\n<div>Con las obras de electrificaci\u00f3n de la CFE se combate la falta de servicios, uno de los 7 indicadores de la pobreza en el pa\u00eds, y se atiende una de las tres prioridades que contempla la Cruzada contra el Hambre, junto con las de alimentaci\u00f3n y calidad en la vivienda.<\/div>\n","protected":false},"excerpt":{"rendered":"<p>Este martes la Sedesol y la CFE formalizaron alianza estrat\u00e9gica con alcaldes de Michoac\u00e1n para llevar obras de electrificaci\u00f3n a comunidades y localidades que lo requieran.<\/p>\n","protected":false},"author":1,"featured_media":0,"comment_status":"open","ping_status":"open","sticky":false,"template":"","format":"standard","meta":{"footnotes":""},"categories":[14,3],"tags":[],"class_list":["post-6005","post","type-post","status-publish","format-standard","hentry","category-destacadas","category-gobierno-del-estado-de-michoacan"],"_links":{"self":[{"href":"https:\/\/radiowebmx.com\/nota\/wp-json\/wp\/v2\/posts\/6005","targetHints":{"allow":["GET"]}}],"collection":[{"href":"https:\/\/radiowebmx.com\/nota\/wp-json\/wp\/v2\/posts"}],"about":[{"href":"https:\/\/radiowebmx.com\/nota\/wp-json\/wp\/v2\/types\/post"}],"author":[{"embeddable":true,"href":"https:\/\/radiowebmx.com\/nota\/wp-json\/wp\/v2\/users\/1"}],"replies":[{"embeddable":true,"href":"https:\/\/radiowebmx.com\/nota\/wp-json\/wp\/v2\/comments?post=6005"}],"version-history":[{"count":1,"href":"https:\/\/radiowebmx.com\/nota\/wp-json\/wp\/v2\/posts\/6005\/revisions"}],"predecessor-version":[{"id":6007,"href":"https:\/\/radiowebmx.com\/nota\/wp-json\/wp\/v2\/posts\/6005\/revisions\/6007"}],"wp:attachment":[{"href":"https:\/\/radiowebmx.com\/nota\/wp-json\/wp\/v2\/media?parent=6005"}],"wp:term":[{"taxonomy":"category","embeddable":true,"href":"https:\/\/radiowebmx.com\/nota\/wp-json\/wp\/v2\/categories?post=6005"},{"taxonomy":"post_tag","embeddable":true,"href":"https:\/\/radiowebmx.com\/nota\/wp-json\/wp\/v2\/tags?post=6005"}],"curies":[{"name":"wp","href":"https:\/\/api.w.org\/{rel}","templated":true}]}}