{"id":59987,"date":"2018-12-28T20:09:12","date_gmt":"2018-12-29T02:09:12","guid":{"rendered":"https:\/\/radiowebmx.com\/nota\/?p=59987"},"modified":"2018-12-28T20:09:12","modified_gmt":"2018-12-29T02:09:12","slug":"participa-adrian-lopez-solis-en-reunion-de-jucopo","status":"publish","type":"post","link":"https:\/\/radiowebmx.com\/nota\/participa-adrian-lopez-solis-en-reunion-de-jucopo\/","title":{"rendered":"Participa Adri\u00e1n L\u00f3pez Sol\u00eds en reuni\u00f3n de JUCOPO"},"content":{"rendered":"<p class=\"x_MsoNormal\"><b>Morelia; Michoac\u00e1n, 26 de diciembre de 2018.-<\/b>\u00a0Con el objetivo de revisar los temas que se discutir\u00e1n en las siguientes sesiones y lo referente al estudio y an\u00e1lisis del paquete econ\u00f3mico para el ejercicio fiscal 2019, el coordinador del Grupo Parlamentario del PRD en la LXXIV Legislatura Local, Adri\u00e1n L\u00f3pez Sol\u00eds, asisti\u00f3 a la reuni\u00f3n de la Junta de Coordinaci\u00f3n Pol\u00edtica (JUCOPO).<\/p>\n<p class=\"x_MsoNormal\">En la reuni\u00f3n, se revisaron los temas que est\u00e1n pendientes a someter a consideraci\u00f3n del Pleno, a fin de determinar las sesiones que se realizar\u00e1n antes de que concluya el primer periodo de sesiones.<\/p>\n<p class=\"x_MsoNormal\">Adri\u00e1n L\u00f3pez refiri\u00f3 que en el caso del paquete econ\u00f3mico para el siguiente ejercicio fiscal, \u00e9ste ser\u00e1 analizado tambi\u00e9n al interior del Grupo Parlamentario del PRD, una vez que llegue el alcance, al igual, que en las comisiones dictaminadoras.<\/p>\n<p class=\"x_MsoNormal\">Destac\u00f3 que las propuestas del Grupo Parlamentario del PRD para fortalecer a diversos rubros, se har\u00e1n llegar a las comisiones unidas de Programaci\u00f3n, Presupuesto y Cuenta P\u00fablica con Hacienda y Deuda P\u00fablica en la LXXIV Legislatura Local.<\/p>\n","protected":false},"excerpt":{"rendered":"<p>Morelia; Michoac\u00e1n, 26 de diciembre de 2018.-\u00a0Con el objetivo de revisar los temas que se discutir\u00e1n en las siguientes sesiones y lo referente al estudio y an\u00e1lisis del paquete econ\u00f3mico para el ejercicio fiscal 2019, el coordinador del Grupo Parlamentario del PRD en la LXXIV Legislatura Local, Adri\u00e1n L\u00f3pez Sol\u00eds, asisti\u00f3 a la reuni\u00f3n de [&hellip;]<\/p>\n","protected":false},"author":2,"featured_media":59988,"comment_status":"closed","ping_status":"closed","sticky":false,"template":"","format":"standard","meta":{"footnotes":""},"categories":[6],"tags":[],"class_list":["post-59987","post","type-post","status-publish","format-standard","has-post-thumbnail","hentry","category-congreso-del-estado"],"_links":{"self":[{"href":"https:\/\/radiowebmx.com\/nota\/wp-json\/wp\/v2\/posts\/59987","targetHints":{"allow":["GET"]}}],"collection":[{"href":"https:\/\/radiowebmx.com\/nota\/wp-json\/wp\/v2\/posts"}],"about":[{"href":"https:\/\/radiowebmx.com\/nota\/wp-json\/wp\/v2\/types\/post"}],"author":[{"embeddable":true,"href":"https:\/\/radiowebmx.com\/nota\/wp-json\/wp\/v2\/users\/2"}],"replies":[{"embeddable":true,"href":"https:\/\/radiowebmx.com\/nota\/wp-json\/wp\/v2\/comments?post=59987"}],"version-history":[{"count":1,"href":"https:\/\/radiowebmx.com\/nota\/wp-json\/wp\/v2\/posts\/59987\/revisions"}],"predecessor-version":[{"id":59989,"href":"https:\/\/radiowebmx.com\/nota\/wp-json\/wp\/v2\/posts\/59987\/revisions\/59989"}],"wp:featuredmedia":[{"embeddable":true,"href":"https:\/\/radiowebmx.com\/nota\/wp-json\/wp\/v2\/media\/59988"}],"wp:attachment":[{"href":"https:\/\/radiowebmx.com\/nota\/wp-json\/wp\/v2\/media?parent=59987"}],"wp:term":[{"taxonomy":"category","embeddable":true,"href":"https:\/\/radiowebmx.com\/nota\/wp-json\/wp\/v2\/categories?post=59987"},{"taxonomy":"post_tag","embeddable":true,"href":"https:\/\/radiowebmx.com\/nota\/wp-json\/wp\/v2\/tags?post=59987"}],"curies":[{"name":"wp","href":"https:\/\/api.w.org\/{rel}","templated":true}]}}