{"id":59938,"date":"2018-12-27T13:14:38","date_gmt":"2018-12-27T19:14:38","guid":{"rendered":"https:\/\/radiowebmx.com\/nota\/?p=59938"},"modified":"2018-12-27T13:14:38","modified_gmt":"2018-12-27T19:14:38","slug":"regresa-la-proyeccion-del-video-mapping-en-morelia","status":"publish","type":"post","link":"https:\/\/radiowebmx.com\/nota\/regresa-la-proyeccion-del-video-mapping-en-morelia\/","title":{"rendered":"Regresa la proyecci\u00f3n del video Mapping en Morelia"},"content":{"rendered":"<p>&nbsp;<\/p>\n<p>&#8211; Se proyectar\u00e1 todos los d\u00edas a las 20:00 horas hasta el 6 de enero de 2019.<\/p>\n<p>El Ayuntamiento de Morelia a trav\u00e9s de la Secretar\u00eda de Turismo Municipal habilit\u00f3 nuevamente la proyecci\u00f3n del video mapping en la Plaza Valladolid este s\u00e1bado posterior al espect\u00e1culo de luces de Catedral cuya producci\u00f3n audiovisual contiene tem\u00e1ticas en el marco de estas fechas navide\u00f1as.<\/p>\n<p>Ante una Plaza Valladolid llena de personas, la proyecci\u00f3n del video Mapping sorprendi\u00f3 a chicos y grandes llev\u00e1ndose el gusto por este espect\u00e1culo el cual se estar\u00e1 proyectando todos los d\u00edas en punto de las 20:00 horas.<\/p>\n<p>La rehabilitaci\u00f3n de este espect\u00e1culo obedece a la instrucci\u00f3n del Presidente Municipal de Morelia Ra\u00fal Mor\u00f3n Orozco de dignificar los espacios p\u00fablicos con eventos de gran calidad al alcance de turistas, visitantes y propios morelianos<\/p>\n","protected":false},"excerpt":{"rendered":"<p>&nbsp; &#8211; Se proyectar\u00e1 todos los d\u00edas a las 20:00 horas hasta el 6 de enero de 2019. El Ayuntamiento de Morelia a trav\u00e9s de la Secretar\u00eda de Turismo Municipal habilit\u00f3 nuevamente la proyecci\u00f3n del video mapping en la Plaza Valladolid este s\u00e1bado posterior al espect\u00e1culo de luces de Catedral cuya producci\u00f3n audiovisual contiene tem\u00e1ticas [&hellip;]<\/p>\n","protected":false},"author":2,"featured_media":59939,"comment_status":"closed","ping_status":"closed","sticky":false,"template":"","format":"standard","meta":{"footnotes":""},"categories":[9],"tags":[],"class_list":["post-59938","post","type-post","status-publish","format-standard","has-post-thumbnail","hentry","category-morelia"],"_links":{"self":[{"href":"https:\/\/radiowebmx.com\/nota\/wp-json\/wp\/v2\/posts\/59938","targetHints":{"allow":["GET"]}}],"collection":[{"href":"https:\/\/radiowebmx.com\/nota\/wp-json\/wp\/v2\/posts"}],"about":[{"href":"https:\/\/radiowebmx.com\/nota\/wp-json\/wp\/v2\/types\/post"}],"author":[{"embeddable":true,"href":"https:\/\/radiowebmx.com\/nota\/wp-json\/wp\/v2\/users\/2"}],"replies":[{"embeddable":true,"href":"https:\/\/radiowebmx.com\/nota\/wp-json\/wp\/v2\/comments?post=59938"}],"version-history":[{"count":1,"href":"https:\/\/radiowebmx.com\/nota\/wp-json\/wp\/v2\/posts\/59938\/revisions"}],"predecessor-version":[{"id":59940,"href":"https:\/\/radiowebmx.com\/nota\/wp-json\/wp\/v2\/posts\/59938\/revisions\/59940"}],"wp:featuredmedia":[{"embeddable":true,"href":"https:\/\/radiowebmx.com\/nota\/wp-json\/wp\/v2\/media\/59939"}],"wp:attachment":[{"href":"https:\/\/radiowebmx.com\/nota\/wp-json\/wp\/v2\/media?parent=59938"}],"wp:term":[{"taxonomy":"category","embeddable":true,"href":"https:\/\/radiowebmx.com\/nota\/wp-json\/wp\/v2\/categories?post=59938"},{"taxonomy":"post_tag","embeddable":true,"href":"https:\/\/radiowebmx.com\/nota\/wp-json\/wp\/v2\/tags?post=59938"}],"curies":[{"name":"wp","href":"https:\/\/api.w.org\/{rel}","templated":true}]}}