{"id":59903,"date":"2018-12-21T14:46:00","date_gmt":"2018-12-21T20:46:00","guid":{"rendered":"https:\/\/radiowebmx.com\/nota\/?p=59903"},"modified":"2018-12-21T14:46:00","modified_gmt":"2018-12-21T20:46:00","slug":"el-alcalde-raul-moron-orozco-presidio-el-acto-conmemorativo-ccix-aniversario-de-la-conspiracion-de-valladolid","status":"publish","type":"post","link":"https:\/\/radiowebmx.com\/nota\/el-alcalde-raul-moron-orozco-presidio-el-acto-conmemorativo-ccix-aniversario-de-la-conspiracion-de-valladolid\/","title":{"rendered":"El alcalde, Ra\u00fal Mor\u00f3n Orozco presidi\u00f3 el acto conmemorativo CCIX Aniversario de la Conspiraci\u00f3n de Valladolid"},"content":{"rendered":"<p>Morelia, Mich., a 21 de diciembre de 2018<\/p>\n<p>El alcalde, Ra\u00fal Mor\u00f3n Orozco presidi\u00f3 el acto conmemorativo CCIX Aniversario de la Conspiraci\u00f3n de Valladolid, movimiento considerado precursor de la Independencia de M\u00e9xico, \u201clucha por ejercer un nuevo poder que llevar\u00e1 al autogobierno sin el yugo espa\u00f1ol\u201d.<\/p>\n<p>Esta acci\u00f3n conmemorativa fue considerada el primer intento para crear un organismo pol\u00edtico y administrativo para ejercer el poder en la Nueva Espa\u00f1a, dicha Conspiraci\u00f3n se produjo en Valladolid, hoy Morelia, en donde el presidente municipal, Ra\u00fal Mor\u00f3n estuvo en compa\u00f1\u00eda del vocal ejecutivo del Centro Estatal para el Desarrollo Municipal (Cedemun), Israel Tentory Garc\u00eda, el capit\u00e1n de la Fuerza A\u00e9rea y representante de la 21\/a Zona Militar, Sa\u00fal Cazares Mart\u00ednez, el Pentathl\u00f3n Deportivo Militarizado Universitario e integrantes del Honorable Cabildo municipal.<\/p>\n<p>Mor\u00f3n Orozco reconoci\u00f3 la relevancia de este suceso hist\u00f3rico que hace conocer a Morelia como \u201cCuna Ideol\u00f3gica de la Independencia\u201d. El movimiento conspiraci\u00f3n fue el punto de partida de otras luchas contra la desigualdad econ\u00f3mica entre peninsulares y criollos, igualdad entre los distintos sectores de la sociedad, entre otros.<\/p>\n<p>En este suceso hist\u00f3rico se involucraron varios de los h\u00e9roes que abonaron a dar patria a la naci\u00f3n, Jos\u00e9 Mar\u00eda Garc\u00eda Obeso, Jos\u00e9 Mariano de Michelena Allende, Aldama, Josefa Ortiz de Dom\u00ednguez y el Cura Don Miguel Hidalgo y Costilla, quienes desde su frente realizaron una acci\u00f3n para derrocar a un gobierno virreinal, en una estrategia que abarc\u00f3 la ciudad de Valladolid y Quer\u00e9taro.<\/p>\n<p>&nbsp;<\/p>\n<p>A este acto tambi\u00e9n asistieron los regidores, Carlos Reyes Reyes, Ricardo \u00c1lvarez Mosqueda, Rub\u00e9n Ignacio Pedraza Barrera, Rosalva Vanegas Gardu\u00f1o y Mois\u00e9s Cardona Gardu\u00f1o, el director de Control Escolar de la Universidad Michoacana de San Nicol\u00e1s de Hidalgo, Daniel Ar\u00e9valo, el coordinador general de Planeaci\u00f3n Educativa de la Secretar\u00eda de Educaci\u00f3n en el estado, Iv\u00e1n Barrales Alc\u00e1ntara, el suboficial de la Polic\u00eda Federal, Julian Cristian Cerna Gonz\u00e1lez.<\/p>\n","protected":false},"excerpt":{"rendered":"<p>Morelia, Mich., a 21 de diciembre de 2018 El alcalde, Ra\u00fal Mor\u00f3n Orozco presidi\u00f3 el acto conmemorativo CCIX Aniversario de la Conspiraci\u00f3n de Valladolid, movimiento considerado precursor de la Independencia de M\u00e9xico, \u201clucha por ejercer un nuevo poder que llevar\u00e1 al autogobierno sin el yugo espa\u00f1ol\u201d. Esta acci\u00f3n conmemorativa fue considerada el primer intento para [&hellip;]<\/p>\n","protected":false},"author":2,"featured_media":59904,"comment_status":"closed","ping_status":"closed","sticky":false,"template":"","format":"standard","meta":{"footnotes":""},"categories":[9],"tags":[],"class_list":["post-59903","post","type-post","status-publish","format-standard","has-post-thumbnail","hentry","category-morelia"],"_links":{"self":[{"href":"https:\/\/radiowebmx.com\/nota\/wp-json\/wp\/v2\/posts\/59903","targetHints":{"allow":["GET"]}}],"collection":[{"href":"https:\/\/radiowebmx.com\/nota\/wp-json\/wp\/v2\/posts"}],"about":[{"href":"https:\/\/radiowebmx.com\/nota\/wp-json\/wp\/v2\/types\/post"}],"author":[{"embeddable":true,"href":"https:\/\/radiowebmx.com\/nota\/wp-json\/wp\/v2\/users\/2"}],"replies":[{"embeddable":true,"href":"https:\/\/radiowebmx.com\/nota\/wp-json\/wp\/v2\/comments?post=59903"}],"version-history":[{"count":1,"href":"https:\/\/radiowebmx.com\/nota\/wp-json\/wp\/v2\/posts\/59903\/revisions"}],"predecessor-version":[{"id":59905,"href":"https:\/\/radiowebmx.com\/nota\/wp-json\/wp\/v2\/posts\/59903\/revisions\/59905"}],"wp:featuredmedia":[{"embeddable":true,"href":"https:\/\/radiowebmx.com\/nota\/wp-json\/wp\/v2\/media\/59904"}],"wp:attachment":[{"href":"https:\/\/radiowebmx.com\/nota\/wp-json\/wp\/v2\/media?parent=59903"}],"wp:term":[{"taxonomy":"category","embeddable":true,"href":"https:\/\/radiowebmx.com\/nota\/wp-json\/wp\/v2\/categories?post=59903"},{"taxonomy":"post_tag","embeddable":true,"href":"https:\/\/radiowebmx.com\/nota\/wp-json\/wp\/v2\/tags?post=59903"}],"curies":[{"name":"wp","href":"https:\/\/api.w.org\/{rel}","templated":true}]}}