{"id":59848,"date":"2018-12-20T18:07:06","date_gmt":"2018-12-21T00:07:06","guid":{"rendered":"https:\/\/radiowebmx.com\/nota\/?p=59848"},"modified":"2018-12-20T18:07:06","modified_gmt":"2018-12-21T00:07:06","slug":"defenderemos-el-presupuesto-para-la-educacion-en-michoacan-wilma-zavala","status":"publish","type":"post","link":"https:\/\/radiowebmx.com\/nota\/defenderemos-el-presupuesto-para-la-educacion-en-michoacan-wilma-zavala\/","title":{"rendered":"Defenderemos el presupuesto para la educaci\u00f3n en Michoac\u00e1n: Wilma Zavala"},"content":{"rendered":"<p class=\"x_MsoNormal\"><b>Morelia; Michoac\u00e1n, 19 de diciembre de 2018.-<\/b>\u00a0En el marco del an\u00e1lisis del Presupuesto de Egresos del Estado de Michoac\u00e1n del ejercicio fiscal 2019, la diputada local, Wilma Zavala Ram\u00edrez, afirm\u00f3 que desde su posici\u00f3n como integrante de la Comisi\u00f3n de Hacienda y Deuda P\u00fablica, defender\u00e1 el presupuesto para la educaci\u00f3n en la entidad.<\/p>\n<p class=\"x_MsoNormal\">Consider\u00f3 positivo el incremento del presupuesto en un 16.3% para Michoac\u00e1n, planteado por el Presidente de la Rep\u00fablica, Andr\u00e9s Manuel L\u00f3pez Obrador, lo que en n\u00fameros significa 9 mil millones de pesos m\u00e1s para la entidad en este a\u00f1o, los cuales llegar\u00e1n de manera directa a sus destinatarios y sin intermediarios.<\/p>\n<p class=\"x_MsoNormal\">La legisladora zacapense lament\u00f3 la situaci\u00f3n contractual de miles de maestros de la entidad, quienes tienen pagos de quincenas pendientes, as\u00ed como de prestaciones y aguinaldos. Ante ello consider\u00f3 que se tienen que evitar este tipo de situaciones y en lo posterior asegurar el pago a los docentes.<\/p>\n<p class=\"x_MsoNormal\">La tambi\u00e9n maestra recalc\u00f3 que en Michoac\u00e1n se tienen que buscar soluciones de fondo al tema educativo, a fin de consolidar un sistema estatal que cuide los intereses de alumnos y maestros.<\/p>\n<p class=\"x_MsoNormal\">\u201cCuidar y proteger la educaci\u00f3n en Michoac\u00e1n nos asegura un mejor futuro para la entidad, es por ello que defenderemos los recursos para el sector educativo en beneficio de los miles de estudiantes del estado\u201d, concluy\u00f3.<\/p>\n","protected":false},"excerpt":{"rendered":"<p>Morelia; Michoac\u00e1n, 19 de diciembre de 2018.-\u00a0En el marco del an\u00e1lisis del Presupuesto de Egresos del Estado de Michoac\u00e1n del ejercicio fiscal 2019, la diputada local, Wilma Zavala Ram\u00edrez, afirm\u00f3 que desde su posici\u00f3n como integrante de la Comisi\u00f3n de Hacienda y Deuda P\u00fablica, defender\u00e1 el presupuesto para la educaci\u00f3n en la entidad. Consider\u00f3 positivo [&hellip;]<\/p>\n","protected":false},"author":2,"featured_media":59849,"comment_status":"closed","ping_status":"closed","sticky":false,"template":"","format":"standard","meta":{"footnotes":""},"categories":[6],"tags":[],"class_list":["post-59848","post","type-post","status-publish","format-standard","has-post-thumbnail","hentry","category-congreso-del-estado"],"_links":{"self":[{"href":"https:\/\/radiowebmx.com\/nota\/wp-json\/wp\/v2\/posts\/59848","targetHints":{"allow":["GET"]}}],"collection":[{"href":"https:\/\/radiowebmx.com\/nota\/wp-json\/wp\/v2\/posts"}],"about":[{"href":"https:\/\/radiowebmx.com\/nota\/wp-json\/wp\/v2\/types\/post"}],"author":[{"embeddable":true,"href":"https:\/\/radiowebmx.com\/nota\/wp-json\/wp\/v2\/users\/2"}],"replies":[{"embeddable":true,"href":"https:\/\/radiowebmx.com\/nota\/wp-json\/wp\/v2\/comments?post=59848"}],"version-history":[{"count":1,"href":"https:\/\/radiowebmx.com\/nota\/wp-json\/wp\/v2\/posts\/59848\/revisions"}],"predecessor-version":[{"id":59850,"href":"https:\/\/radiowebmx.com\/nota\/wp-json\/wp\/v2\/posts\/59848\/revisions\/59850"}],"wp:featuredmedia":[{"embeddable":true,"href":"https:\/\/radiowebmx.com\/nota\/wp-json\/wp\/v2\/media\/59849"}],"wp:attachment":[{"href":"https:\/\/radiowebmx.com\/nota\/wp-json\/wp\/v2\/media?parent=59848"}],"wp:term":[{"taxonomy":"category","embeddable":true,"href":"https:\/\/radiowebmx.com\/nota\/wp-json\/wp\/v2\/categories?post=59848"},{"taxonomy":"post_tag","embeddable":true,"href":"https:\/\/radiowebmx.com\/nota\/wp-json\/wp\/v2\/tags?post=59848"}],"curies":[{"name":"wp","href":"https:\/\/api.w.org\/{rel}","templated":true}]}}