{"id":59845,"date":"2018-12-20T18:05:05","date_gmt":"2018-12-21T00:05:05","guid":{"rendered":"https:\/\/radiowebmx.com\/nota\/?p=59845"},"modified":"2018-12-20T18:05:12","modified_gmt":"2018-12-21T00:05:12","slug":"obligacion-garantizar-fomento-y-uso-de-energias-limpias-miriam-tinoco","status":"publish","type":"post","link":"https:\/\/radiowebmx.com\/nota\/obligacion-garantizar-fomento-y-uso-de-energias-limpias-miriam-tinoco\/","title":{"rendered":"Obligaci\u00f3n garantizar fomento y uso de energ\u00edas limpias: Miriam Tinoco"},"content":{"rendered":"<ul type=\"disc\">\n<li class=\"x_MsoNormal\"><i>Propone reformas a las leyes ambientales del estado para promover el uso de energ\u00edas verdes en territorio michoacano<\/i><i><\/i><\/li>\n<\/ul>\n<p class=\"x_MsoNormal\"><strong>\u00a0<\/strong><\/p>\n<p class=\"x_MsoNormal\"><b>Morelia; Michoac\u00e1n, 19 de diciembre de 2018.-<\/b>\u00a0En M\u00e9xico como en el resto del mundo se ha convertido en una obligaci\u00f3n garantizar las condiciones m\u00ednimas para el fomento, desarrollo, inversi\u00f3n y utilizaci\u00f3n de energ\u00edas limpias, subray\u00f3 la diputada Miriam Tinoco Soto, integrante del Grupo Parlamentario del Partido de la Revoluci\u00f3n Democr\u00e1tica en la LXXIV Legislatura del Congreso del Estado.<\/p>\n<p class=\"x_MsoNormal\">Este mi\u00e9rcoles la legisladora present\u00f3 una iniciativa para reformar las leyes de Responsabilidad Ambiental para el Estado, de Cambio Clim\u00e1tico del Estado, y la Ambiental para el Desarrollo Sustentable del Estado, para que sea obligaci\u00f3n de la autoridad promover el uso de energ\u00edas limpias en territorio michoacano.<\/p>\n<p class=\"x_MsoNormal\">\u201cEl desarrollo de energ\u00edas verdes trae un enorme impacto sobre la econom\u00eda y la vertebraci\u00f3n social; en el caso de Michoac\u00e1n se cuenta con los recursos necesarios para expandir su producci\u00f3n impulsando rubros como el aprovechamiento y generaci\u00f3n de biomasa, biodiesel, bioenerg\u00eda, energ\u00eda geot\u00e9rmica, energ\u00eda hidroel\u00e9ctrica y otras fuentes renovables y limpias de energ\u00eda\u201d.<\/p>\n<p class=\"x_MsoNormal\">Record\u00f3 que las energ\u00edas renovables han ido sustituyendo paulatinamente a los combustibles f\u00f3siles y a la energ\u00eda nuclear, principalmente en cuanto a mercados que abarcan la generaci\u00f3n de electricidad, aplicaciones t\u00e9rmicas (calor para procesos industriales, calefacci\u00f3n, refrigeraci\u00f3n y producci\u00f3n de agua caliente en el sector dom\u00e9stico), carburantes para transporte, y servicios energ\u00e9ticos sin conexi\u00f3n a red en el \u00e1mbito rural.<\/p>\n<p class=\"x_MsoNormal\">Como beneficios de las energ\u00edas renovables enlist\u00f3 su contribuci\u00f3n al desarrollo social y econ\u00f3mico; favorecen el acceso a la energ\u00eda; contribuyen a la seguridad del suministro de energ\u00eda; reducci\u00f3n de efectos negativos sobre el medio ambiente y la salud.<\/p>\n<p class=\"x_MsoNormal\">Miriam Tinoco Soto refiri\u00f3 que la alineaci\u00f3n del marco jur\u00eddico local con el nacional es de suma importancia, as\u00ed como acoplar nuestra legislaci\u00f3n interna en el tema de las energ\u00edas limpias y renovables, que den certeza legal en este rubro y obligue al Estado en cuanto al mejoramiento de las condiciones para su utilizaci\u00f3n en beneficio de las y los michoacanos.<\/p>\n","protected":false},"excerpt":{"rendered":"<p>Propone reformas a las leyes ambientales del estado para promover el uso de energ\u00edas verdes en territorio michoacano \u00a0 Morelia; Michoac\u00e1n, 19 de diciembre de 2018.-\u00a0En M\u00e9xico como en el resto del mundo se ha convertido en una obligaci\u00f3n garantizar las condiciones m\u00ednimas para el fomento, desarrollo, inversi\u00f3n y utilizaci\u00f3n de energ\u00edas limpias, subray\u00f3 la [&hellip;]<\/p>\n","protected":false},"author":2,"featured_media":59846,"comment_status":"closed","ping_status":"closed","sticky":false,"template":"","format":"standard","meta":{"footnotes":""},"categories":[6],"tags":[],"class_list":["post-59845","post","type-post","status-publish","format-standard","has-post-thumbnail","hentry","category-congreso-del-estado"],"_links":{"self":[{"href":"https:\/\/radiowebmx.com\/nota\/wp-json\/wp\/v2\/posts\/59845","targetHints":{"allow":["GET"]}}],"collection":[{"href":"https:\/\/radiowebmx.com\/nota\/wp-json\/wp\/v2\/posts"}],"about":[{"href":"https:\/\/radiowebmx.com\/nota\/wp-json\/wp\/v2\/types\/post"}],"author":[{"embeddable":true,"href":"https:\/\/radiowebmx.com\/nota\/wp-json\/wp\/v2\/users\/2"}],"replies":[{"embeddable":true,"href":"https:\/\/radiowebmx.com\/nota\/wp-json\/wp\/v2\/comments?post=59845"}],"version-history":[{"count":1,"href":"https:\/\/radiowebmx.com\/nota\/wp-json\/wp\/v2\/posts\/59845\/revisions"}],"predecessor-version":[{"id":59847,"href":"https:\/\/radiowebmx.com\/nota\/wp-json\/wp\/v2\/posts\/59845\/revisions\/59847"}],"wp:featuredmedia":[{"embeddable":true,"href":"https:\/\/radiowebmx.com\/nota\/wp-json\/wp\/v2\/media\/59846"}],"wp:attachment":[{"href":"https:\/\/radiowebmx.com\/nota\/wp-json\/wp\/v2\/media?parent=59845"}],"wp:term":[{"taxonomy":"category","embeddable":true,"href":"https:\/\/radiowebmx.com\/nota\/wp-json\/wp\/v2\/categories?post=59845"},{"taxonomy":"post_tag","embeddable":true,"href":"https:\/\/radiowebmx.com\/nota\/wp-json\/wp\/v2\/tags?post=59845"}],"curies":[{"name":"wp","href":"https:\/\/api.w.org\/{rel}","templated":true}]}}