{"id":59835,"date":"2018-12-19T19:28:12","date_gmt":"2018-12-20T01:28:12","guid":{"rendered":"https:\/\/radiowebmx.com\/nota\/?p=59835"},"modified":"2018-12-19T19:28:12","modified_gmt":"2018-12-20T01:28:12","slug":"palacio-municipal-de-morelia-michoacan-sede-de-la-tercera-entrega-de-la-preseamario-barajas-perez","status":"publish","type":"post","link":"https:\/\/radiowebmx.com\/nota\/palacio-municipal-de-morelia-michoacan-sede-de-la-tercera-entrega-de-la-preseamario-barajas-perez\/","title":{"rendered":"Palacio Municipal de Morelia Michoac\u00e1n, sede de la tercera entrega de la presea&#8221;Mario Barajas Perez&#8221;"},"content":{"rendered":"<p>* se entregaron 12 preseas y 6 reconocimientos a personas destacadas<\/p>\n<p>&nbsp;<\/p>\n<p>Por Carlos Martinez Herrera<\/p>\n<p>&nbsp;<\/p>\n<p>Morelia Michoac\u00e1n, diciembre 2018, la sede del palacio Municipal de Morelia Michoac\u00e1n, se visti\u00f3 de luxo para la entrega de las preseas y reconocimientos: al Dr Mireles al m\u00e9rito en la lucha social por la Justicia y la paz en M\u00e9xico, Jose Rigoberto Diaz Zavala ( pos morten) al m\u00e9rito por la defensa a los derechos humanos en Michoac\u00e1n, Raul Cortes Cortes al m\u00e9rito empresarial por el fortalecimiento a los productores mezcaleros del estado de Michoac\u00e1n, Manuel \u00c1ngel Cortez al m\u00e9rito por el fortalecimiento de la radi\u00f3 en Michoac\u00e1n, Oscar Tapia Campos al m\u00e9rito period\u00edstico deportivo, Alvaro Garcia Pineda al m\u00e9rito period\u00edstico, Jos\u00e9 Arturo Lopez Maga\u00f1a al m\u00e9rito en la lucha contra las adicciones en Michoac\u00e1n, Graciela Delgado Luna al m\u00e9rito en el fortalecimiento de los valores de las familias Michoacanas, Frida Saulo contreras al m\u00e9rito en la defensa del medio ambient\u00e9 y de las comunidades ind\u00edgenas de la zona lacustre de Patzcuaro, Mariano Manrique Carvajal al m\u00e9rito en la lucha por la dignificaci\u00f3n del adulto mayor en el estado, CARLOS Andrade Revuelta al m\u00e9rito juvenil, Alberto Chavez Ramirez al m\u00e9rito deportivo.<\/p>\n<p>Menciones honor\u00edficas : Miguel \u00c1ngel Martinez Jim\u00e9nez, Jos\u00e9 Alejandro figueroa Lopez, Yolanda Garcia Garfias, Jos\u00e9 Figueros Ferreira, Friolan Le\u00f3n Martinez, Eduardo Montemayor Vega.<\/p>\n<p>Asistieron al evento<\/p>\n<p>Francisco Lopez Guido,Yolanda Alvarado Lopez, Sergio Acosta Salazar, y organizaciones civiles y sociales entre otros.<\/p>\n","protected":false},"excerpt":{"rendered":"<p>* se entregaron 12 preseas y 6 reconocimientos a personas destacadas &nbsp; Por Carlos Martinez Herrera &nbsp; Morelia Michoac\u00e1n, diciembre 2018, la sede del palacio Municipal de Morelia Michoac\u00e1n, se visti\u00f3 de luxo para la entrega de las preseas y reconocimientos: al Dr Mireles al m\u00e9rito en la lucha social por la Justicia y la [&hellip;]<\/p>\n","protected":false},"author":2,"featured_media":59836,"comment_status":"closed","ping_status":"closed","sticky":false,"template":"","format":"standard","meta":{"footnotes":""},"categories":[9],"tags":[],"class_list":["post-59835","post","type-post","status-publish","format-standard","has-post-thumbnail","hentry","category-morelia"],"_links":{"self":[{"href":"https:\/\/radiowebmx.com\/nota\/wp-json\/wp\/v2\/posts\/59835","targetHints":{"allow":["GET"]}}],"collection":[{"href":"https:\/\/radiowebmx.com\/nota\/wp-json\/wp\/v2\/posts"}],"about":[{"href":"https:\/\/radiowebmx.com\/nota\/wp-json\/wp\/v2\/types\/post"}],"author":[{"embeddable":true,"href":"https:\/\/radiowebmx.com\/nota\/wp-json\/wp\/v2\/users\/2"}],"replies":[{"embeddable":true,"href":"https:\/\/radiowebmx.com\/nota\/wp-json\/wp\/v2\/comments?post=59835"}],"version-history":[{"count":1,"href":"https:\/\/radiowebmx.com\/nota\/wp-json\/wp\/v2\/posts\/59835\/revisions"}],"predecessor-version":[{"id":59837,"href":"https:\/\/radiowebmx.com\/nota\/wp-json\/wp\/v2\/posts\/59835\/revisions\/59837"}],"wp:featuredmedia":[{"embeddable":true,"href":"https:\/\/radiowebmx.com\/nota\/wp-json\/wp\/v2\/media\/59836"}],"wp:attachment":[{"href":"https:\/\/radiowebmx.com\/nota\/wp-json\/wp\/v2\/media?parent=59835"}],"wp:term":[{"taxonomy":"category","embeddable":true,"href":"https:\/\/radiowebmx.com\/nota\/wp-json\/wp\/v2\/categories?post=59835"},{"taxonomy":"post_tag","embeddable":true,"href":"https:\/\/radiowebmx.com\/nota\/wp-json\/wp\/v2\/tags?post=59835"}],"curies":[{"name":"wp","href":"https:\/\/api.w.org\/{rel}","templated":true}]}}