{"id":59832,"date":"2018-12-19T19:26:03","date_gmt":"2018-12-20T01:26:03","guid":{"rendered":"https:\/\/radiowebmx.com\/nota\/?p=59832"},"modified":"2018-12-19T19:26:03","modified_gmt":"2018-12-20T01:26:03","slug":"entrega-dif-morelia-aparatos-auditivos-a-ninos-y-adultos-mayores","status":"publish","type":"post","link":"https:\/\/radiowebmx.com\/nota\/entrega-dif-morelia-aparatos-auditivos-a-ninos-y-adultos-mayores\/","title":{"rendered":"Entrega DIF Morelia aparatos auditivos a ni\u00f1os Y adultos mayores"},"content":{"rendered":"<p>\u2022 _ Con un padr\u00f3n de 30 beneficiarios, el Sistema DIF Morelia entreg\u00f3 aparatos auditivos a ni\u00f1os y adultos mayores_\u2022 _ Con un padr\u00f3n de 30 beneficiarios, el Sistema DIF Morelia entreg\u00f3 aparatos auditivos a ni\u00f1os y adultos mayores_<\/p>\n<p>Morelia, Mich., 19 de Diciembre 2018-COMUNICADO 319\/2018<br \/>\nLa directora general del DIF Morelia, Mar\u00eda Elena Silva Montes, realiz\u00f3 la entrega de los aparatos auxiliares auditivos, donde refiri\u00f3 que los apoyos que fueron subsidiados en gran parte por el Gobierno Municipal, son una muestra del compromiso que se tiene de mejorar la calidad de vida de las familias de la capital del estado.<br \/>\nSilva Montes, mencion\u00f3 que ha sido una instrucci\u00f3n de la presidenta honoraria del DIF Morelia, Rosalva Vidal P\u00e9rez, el dar puntual seguimiento y atenci\u00f3n a los ciudadanos que requieren este tipo de apoyos, pues la finalidad es que las personas que cuentan con alguna discapacidad sean beneficiadas a trav\u00e9s de los programas sociales que van dirigidos a los sectores m\u00e1s vulnerables de la poblaci\u00f3n.<br \/>\n\u201cEs la nobleza del DIF, el asistir y trabajar en beneficio de las personas que m\u00e1s lo necesitan, nos da mucho gusto ver que podemos contribuir de cierta manera a la mejora de la calidad de vida de quienes por nacimiento o salud no pod\u00edan escuchar total o parcialmente, por ello agradezco tambi\u00e9n al departamento de asistencia social que logra estas acciones\u201d.<br \/>\nPor su parte la directora de Programas, Mar\u00eda Elena Huerta Moctezuma, mencion\u00f3 que esta es una primera entrega de aparatos, pues refiri\u00f3 que es mucha la necesidad, sobre todo los adultos mayores que con el paso del tiempo se obstaculiza el sentido del o\u00eddo.<br \/>\nEn ese mismo tenor, Huerta Moctezuma refiri\u00f3 que se adquirieron 50 auxiliares auditivos con un costo de 149 mil 479 pesos de recurso municipal, de los cuales 30 personas, desde ni\u00f1os y adultos mayores fueron beneficiadas<\/p>\n","protected":false},"excerpt":{"rendered":"<p>\u2022 _ Con un padr\u00f3n de 30 beneficiarios, el Sistema DIF Morelia entreg\u00f3 aparatos auditivos a ni\u00f1os y adultos mayores_\u2022 _ Con un padr\u00f3n de 30 beneficiarios, el Sistema DIF Morelia entreg\u00f3 aparatos auditivos a ni\u00f1os y adultos mayores_ Morelia, Mich., 19 de Diciembre 2018-COMUNICADO 319\/2018 La directora general del DIF Morelia, Mar\u00eda Elena Silva [&hellip;]<\/p>\n","protected":false},"author":2,"featured_media":59833,"comment_status":"closed","ping_status":"closed","sticky":false,"template":"","format":"standard","meta":{"footnotes":""},"categories":[9],"tags":[],"class_list":["post-59832","post","type-post","status-publish","format-standard","has-post-thumbnail","hentry","category-morelia"],"_links":{"self":[{"href":"https:\/\/radiowebmx.com\/nota\/wp-json\/wp\/v2\/posts\/59832","targetHints":{"allow":["GET"]}}],"collection":[{"href":"https:\/\/radiowebmx.com\/nota\/wp-json\/wp\/v2\/posts"}],"about":[{"href":"https:\/\/radiowebmx.com\/nota\/wp-json\/wp\/v2\/types\/post"}],"author":[{"embeddable":true,"href":"https:\/\/radiowebmx.com\/nota\/wp-json\/wp\/v2\/users\/2"}],"replies":[{"embeddable":true,"href":"https:\/\/radiowebmx.com\/nota\/wp-json\/wp\/v2\/comments?post=59832"}],"version-history":[{"count":1,"href":"https:\/\/radiowebmx.com\/nota\/wp-json\/wp\/v2\/posts\/59832\/revisions"}],"predecessor-version":[{"id":59834,"href":"https:\/\/radiowebmx.com\/nota\/wp-json\/wp\/v2\/posts\/59832\/revisions\/59834"}],"wp:featuredmedia":[{"embeddable":true,"href":"https:\/\/radiowebmx.com\/nota\/wp-json\/wp\/v2\/media\/59833"}],"wp:attachment":[{"href":"https:\/\/radiowebmx.com\/nota\/wp-json\/wp\/v2\/media?parent=59832"}],"wp:term":[{"taxonomy":"category","embeddable":true,"href":"https:\/\/radiowebmx.com\/nota\/wp-json\/wp\/v2\/categories?post=59832"},{"taxonomy":"post_tag","embeddable":true,"href":"https:\/\/radiowebmx.com\/nota\/wp-json\/wp\/v2\/tags?post=59832"}],"curies":[{"name":"wp","href":"https:\/\/api.w.org\/{rel}","templated":true}]}}