{"id":59822,"date":"2018-12-19T12:42:37","date_gmt":"2018-12-19T18:42:37","guid":{"rendered":"https:\/\/radiowebmx.com\/nota\/?p=59822"},"modified":"2018-12-19T12:42:37","modified_gmt":"2018-12-19T18:42:37","slug":"trabajo-coordinado-por-la-seguridad-no-se-detiene-silvano-aureoles","status":"publish","type":"post","link":"https:\/\/radiowebmx.com\/nota\/trabajo-coordinado-por-la-seguridad-no-se-detiene-silvano-aureoles\/","title":{"rendered":"Trabajo coordinado por la seguridad, no se detiene: Silvano Aureoles"},"content":{"rendered":"<p>Morelia, Michoac\u00e1n, a 18 de diciembre de 2018.- Las acciones de seguridad para brindar tranquilidad a las familias en Michoac\u00e1n no se detienen, por el contrario, seguiremos avanzando a paso firme en cerrar el paso a la violencia y delincuencia, enfatiz\u00f3 el Gobernador Constitucional Silvano Aureoles Conejo.<\/p>\n<p>Esta ma\u00f1ana, el mandatario estatal sostuvo una reuni\u00f3n con su Gabinete de Seguridad, a fin de dar seguimiento a las labores transversales para continuar generando condiciones de paz y desarrollo en todo el territorio estatal.<\/p>\n<p>En este encuentro estuvieron presentes el secretario de Gobierno, Pascual Sigala P\u00e1ez; el secretario de Seguridad P\u00fablica, Juan Bernardo Corona Mart\u00ednez; el procurador General de Justicia, Jos\u00e9 Mart\u00edn Godoy Castro; el subsecretario de Seguridad P\u00fablica, Carlos G\u00f3mez Arrieta, as\u00ed como el jefe de la Oficina del Despacho del Gobernador, Erick L\u00f3pez Barriga.<\/p>\n","protected":false},"excerpt":{"rendered":"<p>Morelia, Michoac\u00e1n, a 18 de diciembre de 2018.- Las acciones de seguridad para brindar tranquilidad a las familias en Michoac\u00e1n no se detienen, por el contrario, seguiremos avanzando a paso firme en cerrar el paso a la violencia y delincuencia, enfatiz\u00f3 el Gobernador Constitucional Silvano Aureoles Conejo. Esta ma\u00f1ana, el mandatario estatal sostuvo una reuni\u00f3n [&hellip;]<\/p>\n","protected":false},"author":2,"featured_media":59823,"comment_status":"closed","ping_status":"closed","sticky":false,"template":"","format":"standard","meta":{"footnotes":""},"categories":[6],"tags":[],"class_list":["post-59822","post","type-post","status-publish","format-standard","has-post-thumbnail","hentry","category-congreso-del-estado"],"_links":{"self":[{"href":"https:\/\/radiowebmx.com\/nota\/wp-json\/wp\/v2\/posts\/59822","targetHints":{"allow":["GET"]}}],"collection":[{"href":"https:\/\/radiowebmx.com\/nota\/wp-json\/wp\/v2\/posts"}],"about":[{"href":"https:\/\/radiowebmx.com\/nota\/wp-json\/wp\/v2\/types\/post"}],"author":[{"embeddable":true,"href":"https:\/\/radiowebmx.com\/nota\/wp-json\/wp\/v2\/users\/2"}],"replies":[{"embeddable":true,"href":"https:\/\/radiowebmx.com\/nota\/wp-json\/wp\/v2\/comments?post=59822"}],"version-history":[{"count":1,"href":"https:\/\/radiowebmx.com\/nota\/wp-json\/wp\/v2\/posts\/59822\/revisions"}],"predecessor-version":[{"id":59824,"href":"https:\/\/radiowebmx.com\/nota\/wp-json\/wp\/v2\/posts\/59822\/revisions\/59824"}],"wp:featuredmedia":[{"embeddable":true,"href":"https:\/\/radiowebmx.com\/nota\/wp-json\/wp\/v2\/media\/59823"}],"wp:attachment":[{"href":"https:\/\/radiowebmx.com\/nota\/wp-json\/wp\/v2\/media?parent=59822"}],"wp:term":[{"taxonomy":"category","embeddable":true,"href":"https:\/\/radiowebmx.com\/nota\/wp-json\/wp\/v2\/categories?post=59822"},{"taxonomy":"post_tag","embeddable":true,"href":"https:\/\/radiowebmx.com\/nota\/wp-json\/wp\/v2\/tags?post=59822"}],"curies":[{"name":"wp","href":"https:\/\/api.w.org\/{rel}","templated":true}]}}