{"id":59819,"date":"2018-12-19T12:16:24","date_gmt":"2018-12-19T18:16:24","guid":{"rendered":"https:\/\/radiowebmx.com\/nota\/?p=59819"},"modified":"2018-12-19T12:16:24","modified_gmt":"2018-12-19T18:16:24","slug":"diputados-rinden-un-minuto-de-silencio-por-el-fallecimiento-de-miguel-duran","status":"publish","type":"post","link":"https:\/\/radiowebmx.com\/nota\/diputados-rinden-un-minuto-de-silencio-por-el-fallecimiento-de-miguel-duran\/","title":{"rendered":"Diputados rinden un minuto de silencio por el fallecimiento de Miguel Dur\u00e1n"},"content":{"rendered":"<p class=\"x_MsoNormal\"><b>Morelia; Michoac\u00e1n, 19 de diciembre de 2018.-<\/b>\u00a0La LXXIV Legislatura guarda un minuto de silencio para reconocer al destacado periodista Miguel Dur\u00e1n Ju\u00e1rez, quien falleci\u00f3 la ma\u00f1ana de este mi\u00e9rcoles y qui\u00e9n por d\u00e9cadas fue reportero de la fuente del Congreso y fue conocido entre los pol\u00edticos y periodistas como &#8220;El Caballero de la tristeza figura&#8221;.<\/p>\n","protected":false},"excerpt":{"rendered":"<p>Morelia; Michoac\u00e1n, 19 de diciembre de 2018.-\u00a0La LXXIV Legislatura guarda un minuto de silencio para reconocer al destacado periodista Miguel Dur\u00e1n Ju\u00e1rez, quien falleci\u00f3 la ma\u00f1ana de este mi\u00e9rcoles y qui\u00e9n por d\u00e9cadas fue reportero de la fuente del Congreso y fue conocido entre los pol\u00edticos y periodistas como &#8220;El Caballero de la tristeza figura&#8221;.<\/p>\n","protected":false},"author":2,"featured_media":59820,"comment_status":"closed","ping_status":"closed","sticky":false,"template":"","format":"standard","meta":{"footnotes":""},"categories":[6],"tags":[],"class_list":["post-59819","post","type-post","status-publish","format-standard","has-post-thumbnail","hentry","category-congreso-del-estado"],"_links":{"self":[{"href":"https:\/\/radiowebmx.com\/nota\/wp-json\/wp\/v2\/posts\/59819","targetHints":{"allow":["GET"]}}],"collection":[{"href":"https:\/\/radiowebmx.com\/nota\/wp-json\/wp\/v2\/posts"}],"about":[{"href":"https:\/\/radiowebmx.com\/nota\/wp-json\/wp\/v2\/types\/post"}],"author":[{"embeddable":true,"href":"https:\/\/radiowebmx.com\/nota\/wp-json\/wp\/v2\/users\/2"}],"replies":[{"embeddable":true,"href":"https:\/\/radiowebmx.com\/nota\/wp-json\/wp\/v2\/comments?post=59819"}],"version-history":[{"count":1,"href":"https:\/\/radiowebmx.com\/nota\/wp-json\/wp\/v2\/posts\/59819\/revisions"}],"predecessor-version":[{"id":59821,"href":"https:\/\/radiowebmx.com\/nota\/wp-json\/wp\/v2\/posts\/59819\/revisions\/59821"}],"wp:featuredmedia":[{"embeddable":true,"href":"https:\/\/radiowebmx.com\/nota\/wp-json\/wp\/v2\/media\/59820"}],"wp:attachment":[{"href":"https:\/\/radiowebmx.com\/nota\/wp-json\/wp\/v2\/media?parent=59819"}],"wp:term":[{"taxonomy":"category","embeddable":true,"href":"https:\/\/radiowebmx.com\/nota\/wp-json\/wp\/v2\/categories?post=59819"},{"taxonomy":"post_tag","embeddable":true,"href":"https:\/\/radiowebmx.com\/nota\/wp-json\/wp\/v2\/tags?post=59819"}],"curies":[{"name":"wp","href":"https:\/\/api.w.org\/{rel}","templated":true}]}}