{"id":59816,"date":"2018-12-19T12:12:34","date_gmt":"2018-12-19T18:12:34","guid":{"rendered":"https:\/\/radiowebmx.com\/nota\/?p=59816"},"modified":"2018-12-19T12:12:34","modified_gmt":"2018-12-19T18:12:34","slug":"a-que-se-rectifique-presupuesto-en-pro-al-campo-pueblos-magicos-migrantes-e-inversion-productiva-convoca-adrian-lopez","status":"publish","type":"post","link":"https:\/\/radiowebmx.com\/nota\/a-que-se-rectifique-presupuesto-en-pro-al-campo-pueblos-magicos-migrantes-e-inversion-productiva-convoca-adrian-lopez\/","title":{"rendered":"A que se rectifique presupuesto en pro al campo, pueblos m\u00e1gicos, migrantes e inversi\u00f3n productiva convoca Adri\u00e1n L\u00f3pez"},"content":{"rendered":"<ul type=\"disc\">\n<li class=\"x_MsoNormal\"><i>El \u00edmpetu natural que conlleva la novedad en el ejercicio de gobierno no puede desbocar ni avasallar el inter\u00e9s general<\/i><i><\/i><\/li>\n<\/ul>\n<p class=\"x_MsoNormal\"><strong>\u00a0<\/strong><\/p>\n<p class=\"x_MsoNormal\"><b>Morelia; Michoac\u00e1n, 19 de diciembre de 2018.-<\/b>\u00a0Es necesario aprender a rectificar cuando se cometen errores en el ejercicio del poder p\u00fablico y atender los llamados de alerta sobre medidas que atentan contra el inter\u00e9s general, subray\u00f3 Adri\u00e1n L\u00f3pez Sol\u00eds, coordinador del Grupo Parlamentario del Partido de la Revoluci\u00f3n Democr\u00e1tica en la LXXIV Legislatura del Congreso del Estado, quien consider\u00f3 que as\u00ed como se rectific\u00f3 el aumento en el proyecto de presupuesto para universidades, es necesario que tambi\u00e9n se haga para el campo, los pueblos m\u00e1gicos, migrantes, cultura e inversi\u00f3n productiva, lo que generar\u00e1 desarrollo y progreso en el pa\u00eds y en estados como Michoac\u00e1n.<\/p>\n<p class=\"x_MsoNormal\">Consider\u00f3 que ser\u00e1 sano para el desarrollo de la vida institucional y p\u00fablica del pa\u00eds que aquellos que vienen impulsando la llamada Cuarta Transformaci\u00f3n aprendan y repliquen en su ejercicio pol\u00edtico la acci\u00f3n de rectificar cuando se comete un error, tal y como lo entendi\u00f3 el presidente Andr\u00e9s Manuel L\u00f3pez Obrador en el caso del recorte presupuestal y la supresi\u00f3n de la autonom\u00eda universitaria que se pretend\u00eda.<\/p>\n<p class=\"x_MsoNormal\">\u201cEl \u00edmpetu natural que conlleva la novedad en el ejercicio de gobierno no puede desbocar ni avasallar el inter\u00e9s general, las instituciones o los derechos conquistados en el pa\u00eds, por lo que es necesario aprender a escuchar, ser autocr\u00edtico, reflexionar y saber rectificar\u201d.<\/p>\n<p class=\"x_MsoNormal\">Adri\u00e1n\u00a0L\u00f3pez Sol\u00eds apunt\u00f3 que ese aprendizaje no debe circunscribirse s\u00f3lo a la cabeza de un proyecto, sino a todos y cada uno de los que forman parte de \u00e9l, porque de lo contrario persistir\u00eda una din\u00e1mica inercial de error y confrontaci\u00f3n que lejos est\u00e1 de abonar a la construcci\u00f3n de nuevos horizontes y la suma de esfuerzos.<\/p>\n<p class=\"x_MsoNormal\">\u201cCuando se inicia el ejercicio del poder p\u00fablico hay una curva de aprendizaje, pero \u00e9sta no puede prolongarse de manera indefinida porque est\u00e1 de por medio el inter\u00e9s general; tampoco puede pensarse que en ese proceso de aprendizaje se tienen todas las respuestas porque es ficci\u00f3n y autoenga\u00f1o que tienden al extrav\u00edo\u201d.<\/p>\n<p class=\"x_MsoNormal\">Refiri\u00f3 que la falta de claridad en el ejercicio de gobierno tiende a la polarizaci\u00f3n por la ausencia de argumentos, lo que deriva en confrontaci\u00f3n y extremismos que en su naturaleza dividen en lugar de sumar.<\/p>\n<p class=\"x_MsoNormal\">\u201cEvitar la polarizaci\u00f3n es una buena manera de honrar el compromiso de la serenidad y la reconciliaci\u00f3n que hoy tanto se pregona, corregir medidas err\u00f3neas es un componente que abona, y as\u00ed como ya ocurri\u00f3 en el caso de las Universidades, ahora es necesario se rectifique en torno al campo, los pueblos m\u00e1gicos y los trabajadores migrantes\u201d.<\/p>\n","protected":false},"excerpt":{"rendered":"<p>El \u00edmpetu natural que conlleva la novedad en el ejercicio de gobierno no puede desbocar ni avasallar el inter\u00e9s general \u00a0 Morelia; Michoac\u00e1n, 19 de diciembre de 2018.-\u00a0Es necesario aprender a rectificar cuando se cometen errores en el ejercicio del poder p\u00fablico y atender los llamados de alerta sobre medidas que atentan contra el inter\u00e9s [&hellip;]<\/p>\n","protected":false},"author":2,"featured_media":59817,"comment_status":"closed","ping_status":"closed","sticky":false,"template":"","format":"standard","meta":{"footnotes":""},"categories":[6],"tags":[],"class_list":["post-59816","post","type-post","status-publish","format-standard","has-post-thumbnail","hentry","category-congreso-del-estado"],"_links":{"self":[{"href":"https:\/\/radiowebmx.com\/nota\/wp-json\/wp\/v2\/posts\/59816","targetHints":{"allow":["GET"]}}],"collection":[{"href":"https:\/\/radiowebmx.com\/nota\/wp-json\/wp\/v2\/posts"}],"about":[{"href":"https:\/\/radiowebmx.com\/nota\/wp-json\/wp\/v2\/types\/post"}],"author":[{"embeddable":true,"href":"https:\/\/radiowebmx.com\/nota\/wp-json\/wp\/v2\/users\/2"}],"replies":[{"embeddable":true,"href":"https:\/\/radiowebmx.com\/nota\/wp-json\/wp\/v2\/comments?post=59816"}],"version-history":[{"count":1,"href":"https:\/\/radiowebmx.com\/nota\/wp-json\/wp\/v2\/posts\/59816\/revisions"}],"predecessor-version":[{"id":59818,"href":"https:\/\/radiowebmx.com\/nota\/wp-json\/wp\/v2\/posts\/59816\/revisions\/59818"}],"wp:featuredmedia":[{"embeddable":true,"href":"https:\/\/radiowebmx.com\/nota\/wp-json\/wp\/v2\/media\/59817"}],"wp:attachment":[{"href":"https:\/\/radiowebmx.com\/nota\/wp-json\/wp\/v2\/media?parent=59816"}],"wp:term":[{"taxonomy":"category","embeddable":true,"href":"https:\/\/radiowebmx.com\/nota\/wp-json\/wp\/v2\/categories?post=59816"},{"taxonomy":"post_tag","embeddable":true,"href":"https:\/\/radiowebmx.com\/nota\/wp-json\/wp\/v2\/tags?post=59816"}],"curies":[{"name":"wp","href":"https:\/\/api.w.org\/{rel}","templated":true}]}}