{"id":59784,"date":"2018-12-17T18:20:17","date_gmt":"2018-12-18T00:20:17","guid":{"rendered":"https:\/\/radiowebmx.com\/nota\/?p=59784"},"modified":"2018-12-17T18:20:17","modified_gmt":"2018-12-18T00:20:17","slug":"gobierno-de-morelia-sera-garante-de-los-derechos-humanos-raul-moron","status":"publish","type":"post","link":"https:\/\/radiowebmx.com\/nota\/gobierno-de-morelia-sera-garante-de-los-derechos-humanos-raul-moron\/","title":{"rendered":"Gobierno de Morelia ser\u00e1 garante de los  derechos humanos: Ra\u00fal Mor\u00f3n"},"content":{"rendered":"<p>\u2022 Se firm\u00f3 un convenio de colaboraci\u00f3n entre el Ayuntamiento de Morelia y la Comisi\u00f3n Estatal de Derechos Humanos\u2022 Se firm\u00f3 un convenio de colaboraci\u00f3n entre el Ayuntamiento de Morelia y la Comisi\u00f3n Estatal de Derechos Humanos<\/p>\n<p>&nbsp;<\/p>\n<p>Morelia, Mich., a 17 de diciembre de 2018.- COMUNICADO 311\/2018<\/p>\n<p>&nbsp;<\/p>\n<p>Con el compromiso de ser un Ayuntamiento garante de los derechos humanos, el presidente municipal de Morelia, Ra\u00fal Mor\u00f3n Orozco firm\u00f3 el convenio de colaboraci\u00f3n entre el municipio y la Comisi\u00f3n Estatal de Derechos Humanos (CEDH) al referir que desde el Gobierno Municipal se busca el enfoque humanista.<\/p>\n<p>\u201cLas personas, hombres y mujeres son el objetivo de nuestra atenci\u00f3n prioritaria, por eso vamos a atender todas las recomendaciones y tendremos una excelente relaci\u00f3n con la Comisi\u00f3n Estatal de Derechos Humanos\u201d, destac\u00f3 el Alcalde.<\/p>\n<p>Mor\u00f3n Orozco previ\u00f3 que la signa de este documento y mediante las capacitaciones pertinentes llevar\u00e1 a la administraci\u00f3n municipal a ser m\u00e1s vigilantes que se cumpla con la actuaci\u00f3n bajo los protocolos adecuados de la Polic\u00eda de Morelia y en una segunda instancia planear para\u00a0 el pr\u00f3ximo a\u00f1o, 2019,\u00a0 para que esta profesionalizaci\u00f3n sea para el gabinete municipal al referir que el fin de este Ayuntamiento de Morelia es que se tenga la mejor atenci\u00f3n a la ciudadan\u00eda que acude a realizar sus tr\u00e1mites o por simple informaci\u00f3n.<br \/>\nEl alcalde, Ra\u00fal Mor\u00f3n asegur\u00f3 que desde el municipio se quiere que los protocolos para el uso de la fuerza p\u00fablica sean conocidos a detalles y de la mejor manera implementada, por lo cual considerar\u00eda que esto reforzar\u00e1 la observancia que ya se hac\u00eda desde la Comisi\u00f3n Municipal de Seguridad de Morelia.<\/p>\n<p>Previ\u00f3 que se podr\u00e1 realizar una mejor vigilancia a los funcionarios y empleados municipales para tener el mejor trato posible para la poblaci\u00f3n y los visitantes del municipio.<\/p>\n<p>El Presidente Municipal asegur\u00f3 que esta acci\u00f3n va encaminada tambi\u00e9n a posicionar a la Polic\u00eda de Morelia como modelo nacional con la visi\u00f3n que se tiene en esta administraci\u00f3n municipal y el enfoque comunitario de la estrategia de seguridad que se implementa actualmente.<\/p>\n<p>Finalmente,\u00a0 Ra\u00fal Mor\u00f3n agradeci\u00f3 el apoyo de la CEDH en el tr\u00e1nsito de la cultura de la protecci\u00f3n de los derechos humanos de una manera m\u00e1s amplia que no s\u00f3lo abarque un sector de esta administraci\u00f3n municipal, sino que sea en general.<br \/>\nPor su parte, el presidente de la CEDH, V\u00edctor Manuel Serrato Lozano, afirm\u00f3 que el convenio de colaboraci\u00f3n ayudar\u00e1 a que los elementos de seguridad municipal conozcan a fondo los alcances y l\u00edmites de actuaci\u00f3n, as\u00ed como una profesionalizaci\u00f3n, la cual forma parte de una colaboraci\u00f3n respetuosa entre autoridades.<\/p>\n<p>Serrato Lozano record\u00f3 que tambi\u00e9n los polic\u00edas tienen derechos humanos y que estos deben ser preservados al referir que deben acceder a un salario digno, equipo y herramientas necesarias para realizar su labor diaria.<\/p>\n<p>El Presidente de la CEDH manifest\u00f3 que esta acci\u00f3n significa consolidar y dar continuidad a las capacitaciones que deben tener los cuerpos de seguridad que han dado resultados al referir que el acercamiento que tuvo la Comisi\u00f3n a su cargo con el Ej\u00e9rcito Mexicano con pl\u00e1ticas de los derechos humanos\u00a0 reflej\u00f3 una baja en las quejas que presentaba esta instituci\u00f3n anualmente al pasar de 500 a s\u00f3lo 10 por a\u00f1o.<\/p>\n<p>V\u00edctor Serrato enfatiz\u00f3 que esta capacitaci\u00f3n se refiere a cumplir con los protocolos del uso de la fuerza p\u00fablica que deben aplicarse y conocer los casos espec\u00edficos para hacerlo as\u00ed, con una labor profesional y\u00a0 preservar la dignidad humana en todo momento.<br \/>\nA este evento tambi\u00e9n acudi\u00f3 la comisionada municipal de Seguridad en Morelia, Julisa Su\u00e1rez Bucio, la directora de Derechos Humanos, Mediaci\u00f3n y Conciliaci\u00f3n del municipio, M\u00f3nica Monserrat Vargas Garc\u00eda y el secretario ejecutivo de la CEDH,\u00a0 Reyes Antelmo Esparza Verduzco.<\/p>\n","protected":false},"excerpt":{"rendered":"<p>\u2022 Se firm\u00f3 un convenio de colaboraci\u00f3n entre el Ayuntamiento de Morelia y la Comisi\u00f3n Estatal de Derechos Humanos\u2022 Se firm\u00f3 un convenio de colaboraci\u00f3n entre el Ayuntamiento de Morelia y la Comisi\u00f3n Estatal de Derechos Humanos &nbsp; Morelia, Mich., a 17 de diciembre de 2018.- COMUNICADO 311\/2018 &nbsp; Con el compromiso de ser un [&hellip;]<\/p>\n","protected":false},"author":2,"featured_media":59785,"comment_status":"closed","ping_status":"closed","sticky":false,"template":"","format":"standard","meta":{"footnotes":""},"categories":[9],"tags":[],"class_list":["post-59784","post","type-post","status-publish","format-standard","has-post-thumbnail","hentry","category-morelia"],"_links":{"self":[{"href":"https:\/\/radiowebmx.com\/nota\/wp-json\/wp\/v2\/posts\/59784","targetHints":{"allow":["GET"]}}],"collection":[{"href":"https:\/\/radiowebmx.com\/nota\/wp-json\/wp\/v2\/posts"}],"about":[{"href":"https:\/\/radiowebmx.com\/nota\/wp-json\/wp\/v2\/types\/post"}],"author":[{"embeddable":true,"href":"https:\/\/radiowebmx.com\/nota\/wp-json\/wp\/v2\/users\/2"}],"replies":[{"embeddable":true,"href":"https:\/\/radiowebmx.com\/nota\/wp-json\/wp\/v2\/comments?post=59784"}],"version-history":[{"count":1,"href":"https:\/\/radiowebmx.com\/nota\/wp-json\/wp\/v2\/posts\/59784\/revisions"}],"predecessor-version":[{"id":59786,"href":"https:\/\/radiowebmx.com\/nota\/wp-json\/wp\/v2\/posts\/59784\/revisions\/59786"}],"wp:featuredmedia":[{"embeddable":true,"href":"https:\/\/radiowebmx.com\/nota\/wp-json\/wp\/v2\/media\/59785"}],"wp:attachment":[{"href":"https:\/\/radiowebmx.com\/nota\/wp-json\/wp\/v2\/media?parent=59784"}],"wp:term":[{"taxonomy":"category","embeddable":true,"href":"https:\/\/radiowebmx.com\/nota\/wp-json\/wp\/v2\/categories?post=59784"},{"taxonomy":"post_tag","embeddable":true,"href":"https:\/\/radiowebmx.com\/nota\/wp-json\/wp\/v2\/tags?post=59784"}],"curies":[{"name":"wp","href":"https:\/\/api.w.org\/{rel}","templated":true}]}}