{"id":5972,"date":"2014-03-11T11:45:35","date_gmt":"2014-03-11T17:45:35","guid":{"rendered":"https:\/\/radiowebmx.com\/nota\/?p=5972"},"modified":"2014-03-11T11:47:05","modified_gmt":"2014-03-11T17:47:05","slug":"detiene-pgje-a-tablajero-que-estrangulo-a-su-amasia-trato-de-aparentar-que-se-habia-suicidado","status":"publish","type":"post","link":"https:\/\/radiowebmx.com\/nota\/detiene-pgje-a-tablajero-que-estrangulo-a-su-amasia-trato-de-aparentar-que-se-habia-suicidado\/","title":{"rendered":"Detiene PGJE a tablajero que estrangul\u00f3 a su amasia; trat\u00f3 de aparentar que se hab\u00eda suicidado"},"content":{"rendered":"<p>La Polic\u00eda Ministerial esclareci\u00f3 el homicidio de una mujer que fue estrangulada por su amasio, quien inicialmente trat\u00f3 de hacer creer a las autoridades que la ahora occisa se hab\u00eda suicidado con la ingesta de fungicida.<\/p>\n<p>&nbsp;<\/p>\n<p>El presunto responsable responde al nombre de Antonio D, de 27 a\u00f1os de edad, de oficio tablajero y con domicilio en la cabecera municipal de Villa Madero, donde tuvo lugar el homicidio en agravio de Mar\u00eda Mayela Leal Salgado, quien contaba con 24 a\u00f1os de edad.<\/p>\n<p>&nbsp;<\/p>\n<p>De acuerdo con las constancias de la indagatoria n\u00famero 32\/2014-AEH\/III-2, los hechos delictuosos se registraron el d\u00eda 08 de marzo, en el interior de la vivienda de la pareja, donde el tablajero inici\u00f3 una disputa con la mujer a causa de que ella, de un momento a otro, mostr\u00f3 disgusto por las im\u00e1genes religiosas que ten\u00edan en la casa, las cuales empez\u00f3 a destrozar, as\u00ed como algunas macetas y otros objetos decorativos.<\/p>\n<p>&nbsp;<\/p>\n<p>Agreg\u00f3 que trat\u00f3 de calmar a Mar\u00eda Mayela, pero terminaron forcejeando y luego \u00e9l la arroj\u00f3 sobre la cama, en la cual le apret\u00f3 el cuello hasta que dej\u00f3 de respirar, d\u00e1ndose cuenta que se le \u201chab\u00eda pasado la mano\u201d, seg\u00fan sus propias palabras.<\/p>\n<p>&nbsp;<\/p>\n<p>Para evitar ser inculpado del homicidio y despistar a las autoridades, el presunto responsable opt\u00f3 por subir el cuerpo de la v\u00edctima a la planta alta del domicilio y lo deposit\u00f3 en la rec\u00e1mara del cuarto de visitas; despu\u00e9s busc\u00f3 una taza y un frasco de pl\u00e1stico con fungicida, los cuales dej\u00f3 sobre el piso del cuarto, con el prop\u00f3sito de hacer creer que la mujer se hab\u00eda suicidado, ya que padec\u00eda de los nervios y tomaba f\u00e1rmacos controlados por prescripci\u00f3n m\u00e9dica.<\/p>\n<p>&nbsp;<\/p>\n<p>Posteriormente, el tablajero sali\u00f3 de la casa y se dirigi\u00f3 a una huerta de su propiedad, donde se reuni\u00f3 con un empleado, el cual pensaba usar como testigo a su favor para aducir que el supuesto suicidio hab\u00eda ocurrido mientras \u00e9l se encontraba ausente de la vivienda. M\u00e1s tarde regres\u00f3 al inmueble y llam\u00f3 al m\u00e9dico para que auscultara a su amasia, confirm\u00e1ndole \u00e9ste el deceso de Mar\u00eda Mayela.<\/p>\n<p>&nbsp;<\/p>\n<p>Al intervenir el Ministerio P\u00fablico Investigador y ser entrevistado Antonio por la Polic\u00eda Ministerial, cay\u00f3 en diversas contradicciones y termin\u00f3 por reconocer que \u00e9l hab\u00eda estrangulado a la ofendida cuando trat\u00f3 de \u201cserenarla\u201d por la crisis nerviosa en que se encontraba.<\/p>\n<p>&nbsp;<\/p>\n<p>El presunto responsable fue consignado ante la autoridad judicial competente por el crimen de la extinta, a trav\u00e9s de la averiguaci\u00f3n previa que se integr\u00f3 en su contra por el delito de homicidio.<\/p>\n","protected":false},"excerpt":{"rendered":"<p>La Polic\u00eda Ministerial esclareci\u00f3 el homicidio de una mujer que fue estrangulada por su amasio, quien inicialmente trat\u00f3 de hacer creer a las autoridades que la ahora occisa se hab\u00eda suicidado con la ingesta de fungicida.<\/p>\n","protected":false},"author":1,"featured_media":0,"comment_status":"open","ping_status":"open","sticky":false,"template":"","format":"standard","meta":{"footnotes":""},"categories":[3],"tags":[],"class_list":["post-5972","post","type-post","status-publish","format-standard","hentry","category-gobierno-del-estado-de-michoacan"],"_links":{"self":[{"href":"https:\/\/radiowebmx.com\/nota\/wp-json\/wp\/v2\/posts\/5972","targetHints":{"allow":["GET"]}}],"collection":[{"href":"https:\/\/radiowebmx.com\/nota\/wp-json\/wp\/v2\/posts"}],"about":[{"href":"https:\/\/radiowebmx.com\/nota\/wp-json\/wp\/v2\/types\/post"}],"author":[{"embeddable":true,"href":"https:\/\/radiowebmx.com\/nota\/wp-json\/wp\/v2\/users\/1"}],"replies":[{"embeddable":true,"href":"https:\/\/radiowebmx.com\/nota\/wp-json\/wp\/v2\/comments?post=5972"}],"version-history":[{"count":3,"href":"https:\/\/radiowebmx.com\/nota\/wp-json\/wp\/v2\/posts\/5972\/revisions"}],"predecessor-version":[{"id":5974,"href":"https:\/\/radiowebmx.com\/nota\/wp-json\/wp\/v2\/posts\/5972\/revisions\/5974"}],"wp:attachment":[{"href":"https:\/\/radiowebmx.com\/nota\/wp-json\/wp\/v2\/media?parent=5972"}],"wp:term":[{"taxonomy":"category","embeddable":true,"href":"https:\/\/radiowebmx.com\/nota\/wp-json\/wp\/v2\/categories?post=5972"},{"taxonomy":"post_tag","embeddable":true,"href":"https:\/\/radiowebmx.com\/nota\/wp-json\/wp\/v2\/tags?post=5972"}],"curies":[{"name":"wp","href":"https:\/\/api.w.org\/{rel}","templated":true}]}}