{"id":59690,"date":"2018-12-14T14:55:20","date_gmt":"2018-12-14T20:55:20","guid":{"rendered":"https:\/\/radiowebmx.com\/nota\/?p=59690"},"modified":"2018-12-14T14:55:20","modified_gmt":"2018-12-14T20:55:20","slug":"acciones-integrales-para-erradicar-y-combatir-pobreza-en-el-pais-son-urgentes-azael-toledo","status":"publish","type":"post","link":"https:\/\/radiowebmx.com\/nota\/acciones-integrales-para-erradicar-y-combatir-pobreza-en-el-pais-son-urgentes-azael-toledo\/","title":{"rendered":"Acciones integrales para erradicar y combatir pobreza en el pa\u00eds son urgentes: Azael Toledo"},"content":{"rendered":"<ul type=\"disc\">\n<li class=\"x_MsoNormal\"><i>Acuerdan plan de trabajo en Comisi\u00f3n de Desarrollo Social<\/i><i><\/i><\/li>\n<\/ul>\n<p class=\"x_MsoNormal\"><strong>\u00a0<\/strong><\/p>\n<p class=\"x_MsoNormal\"><b>Morelia; Michoac\u00e1n, 14 de diciembre de 2018.-<\/b>\u00a0En M\u00e9xico se debe priorizar el impulso de pol\u00edticas p\u00fablicas encaminadas a combatir la pobreza y generar bienestar social, en donde es fundamental la coordinaci\u00f3n estrecha entre la federaci\u00f3n, estados y municipios, afirm\u00f3 el diputado local, Alfredo Azael Toledo Rangel, al referir que de acuerdo con el Consejo Nacional de Evaluaci\u00f3n de la Pol\u00edtica de Desarrollo Social (Coneval), en nuestro pa\u00eds el 43.6 por ciento de la poblaci\u00f3n est\u00e1 en situaci\u00f3n de pobreza, lo que representa 53 millones de personas en esta condici\u00f3n.<\/p>\n<p class=\"x_MsoNormal\">Luego de asistir a la reuni\u00f3n de la Comisi\u00f3n de Desarrollo Social que se realiz\u00f3 esta tarde en la que se aprob\u00f3 el plan anual de trabajo, el diputado local inform\u00f3 que en la misma se acord\u00f3 que se buscar\u00e1 una reuni\u00f3n de trabajo con las autoridades de la Secretar\u00eda de Desarrollo Social y Humano (Sedesoh), a fin de analizar los programas y acciones que impulsa la dependencia estatal y establecer acuerdos que contribuyan a fortalecer el combate a la pobreza.<\/p>\n<p class=\"x_MsoNormal\">Refiri\u00f3 que desde esta comisi\u00f3n y desde la bancada perredista se impulsar\u00e1n distintas propuestas encaminadas a fortalecer las pol\u00edticas p\u00fablicas que contribuyan a generar bienestar en los ciudadanos y justicia social.<\/p>\n<p class=\"x_MsoNormal\">Aunado a ello, dijo que en Michoac\u00e1n es necesario un nuevo marco jur\u00eddico que establezca las normas, conceptos y estrategias que permitan fortalecer las acciones para combatir y erradicar pobreza, mediante la cual se impulse el desarrollo humano y social, para que los ciudadanos mejoren sus condiciones de vida.<\/p>\n<p class=\"x_MsoNormal\">Asimismo mencion\u00f3 que a trav\u00e9s del Grupo Parlamentario del PRD en la LXXIV Legislatura Local se trabaja en una iniciativa a fin de establecer en la norma la elaboraci\u00f3n de un padr\u00f3n \u00fanico de beneficiarios de los distintos programas sociales y de las acciones que se impulsan.<\/p>\n<p class=\"x_MsoNormal\">Azael Toledo refiri\u00f3 que en dicha propuesta legislativa que se presentar\u00e1 pr\u00f3ximamente al Pleno, tiene como finalidad el fortalecer tambi\u00e9n los mecanismos de evaluaci\u00f3n de los programas sociales, con el objetivo de garantizar resultados efectivos en favor de los distintos sectores vulnerables.<\/p>\n<p class=\"x_MsoNormal\">Tanto en la Comisi\u00f3n de Desarrollo Social como en la bancada perredista afirm\u00f3 que existen coincidencias en fortalecer desde la Ley las pol\u00edticas p\u00fablicas encaminadas a combatir la pobreza, as\u00ed como impulsar el crecimiento econ\u00f3mico y bienestar de los ciudadanos.<\/p>\n","protected":false},"excerpt":{"rendered":"<p>Acuerdan plan de trabajo en Comisi\u00f3n de Desarrollo Social \u00a0 Morelia; Michoac\u00e1n, 14 de diciembre de 2018.-\u00a0En M\u00e9xico se debe priorizar el impulso de pol\u00edticas p\u00fablicas encaminadas a combatir la pobreza y generar bienestar social, en donde es fundamental la coordinaci\u00f3n estrecha entre la federaci\u00f3n, estados y municipios, afirm\u00f3 el diputado local, Alfredo Azael Toledo [&hellip;]<\/p>\n","protected":false},"author":2,"featured_media":59691,"comment_status":"closed","ping_status":"closed","sticky":false,"template":"","format":"standard","meta":{"footnotes":""},"categories":[6],"tags":[],"class_list":["post-59690","post","type-post","status-publish","format-standard","has-post-thumbnail","hentry","category-congreso-del-estado"],"_links":{"self":[{"href":"https:\/\/radiowebmx.com\/nota\/wp-json\/wp\/v2\/posts\/59690","targetHints":{"allow":["GET"]}}],"collection":[{"href":"https:\/\/radiowebmx.com\/nota\/wp-json\/wp\/v2\/posts"}],"about":[{"href":"https:\/\/radiowebmx.com\/nota\/wp-json\/wp\/v2\/types\/post"}],"author":[{"embeddable":true,"href":"https:\/\/radiowebmx.com\/nota\/wp-json\/wp\/v2\/users\/2"}],"replies":[{"embeddable":true,"href":"https:\/\/radiowebmx.com\/nota\/wp-json\/wp\/v2\/comments?post=59690"}],"version-history":[{"count":1,"href":"https:\/\/radiowebmx.com\/nota\/wp-json\/wp\/v2\/posts\/59690\/revisions"}],"predecessor-version":[{"id":59692,"href":"https:\/\/radiowebmx.com\/nota\/wp-json\/wp\/v2\/posts\/59690\/revisions\/59692"}],"wp:featuredmedia":[{"embeddable":true,"href":"https:\/\/radiowebmx.com\/nota\/wp-json\/wp\/v2\/media\/59691"}],"wp:attachment":[{"href":"https:\/\/radiowebmx.com\/nota\/wp-json\/wp\/v2\/media?parent=59690"}],"wp:term":[{"taxonomy":"category","embeddable":true,"href":"https:\/\/radiowebmx.com\/nota\/wp-json\/wp\/v2\/categories?post=59690"},{"taxonomy":"post_tag","embeddable":true,"href":"https:\/\/radiowebmx.com\/nota\/wp-json\/wp\/v2\/tags?post=59690"}],"curies":[{"name":"wp","href":"https:\/\/api.w.org\/{rel}","templated":true}]}}