{"id":59687,"date":"2018-12-14T14:44:43","date_gmt":"2018-12-14T20:44:43","guid":{"rendered":"https:\/\/radiowebmx.com\/nota\/?p=59687"},"modified":"2018-12-14T14:44:43","modified_gmt":"2018-12-14T20:44:43","slug":"presenta-hector-perez-su-libro-en-defensa-de-los-derechos-fundamentales","status":"publish","type":"post","link":"https:\/\/radiowebmx.com\/nota\/presenta-hector-perez-su-libro-en-defensa-de-los-derechos-fundamentales\/","title":{"rendered":"Presenta H\u00e9ctor P\u00e9rez su libro &#8220;En defensa de los derechos fundamentales&#8221;"},"content":{"rendered":"<ul type=\"disc\">\n<li class=\"x_MsoNormal\"><strong><i>Reconoce Oscar Escobar la transparencia y acceso a la informaci\u00f3n como un derecho fundamental<\/i><\/strong><\/li>\n<\/ul>\n<p class=\"x_MsoNormal\"><strong>\u00a0<\/strong><\/p>\n<p class=\"x_MsoNormal\"><b>Morelia; Michoac\u00e1n, 13 de diciembre de 2018.-<\/b>\u00a0Los diputados tenemos la obligaci\u00f3n de garantizar el acceso a la informaci\u00f3n y la transparencia como un derecho fundamental, por ello, reconocemos a personalidades como H\u00e9ctor P\u00e9rez Pintor, mismo que a trav\u00e9s de su libro &#8220;En defensa de los derechos fundamentales&#8221; plasma la importancia de proteger a los ciudadanos con la apertura a datos, indic\u00f3 Oscar Escobar Ledesma, presidente del Comit\u00e9 de Transparencia y Acceso a la Informaci\u00f3n del Congreso del Estado.<\/p>\n<p class=\"x_MsoNormal\">Durante la presentaci\u00f3n del libro &#8220;En defensa de los derechos fundamentales&#8221;, se\u00f1al\u00f3 que los ciudadanos deben tener informaci\u00f3n a su alcance y desde el Comit\u00e9 que encabeza trabajar\u00e1 para que sea una realidad.<\/p>\n<p class=\"x_MsoNormal\">&#8220;Los derechos fundamentales es un tema muy importante para los michoacanos y el Comit\u00e9 de Transparencia y Acceso a la Informaci\u00f3n tiene el compromiso de capacitar y dar herramientas literarias para que el ciudadano tenga m\u00e1s soporte para defender sus derechos fundamentales y reforzar la democracia&#8221;.<\/p>\n<p class=\"x_MsoNormal\">El diputado por el Partido Acci\u00f3n Nacional afirm\u00f3 que en la actual Legislatura es prioridad el transparentar las actividades para dignificar la labor de los representantes de los michoacanos.<\/p>\n<p class=\"x_MsoNormal\">Escobar Ledesma reconoci\u00f3 al doctor H\u00e9ctor P\u00e9rez Pintor por su inter\u00e9s y trabajos de investigaci\u00f3n para consolidar este tema tan importante en la actualidad.<\/p>\n<p class=\"x_MsoNormal\">&#8220;Reconozco al maestro H\u00e9ctor P\u00e9rez Pintor como un cr\u00edtico que aporta importantes elementos para garantizar la transparencia y acceso a la informaci\u00f3n, un derecho al que deben tener acceso todos los ciudadanos&#8221;.<\/p>\n<p class=\"x_MsoNormal\">Por su parte, el escritor y acad\u00e9mico H\u00e9ctor P\u00e9rez Pintor, reconoci\u00f3 el inter\u00e9s por parte del diputado Oscar Escobar por promover la garant\u00eda de los derechos de los ciudadanos, en un contexto de actualidad en el que se requiere estar m\u00e1s enterado de todo lo que se realiza en los diferentes \u00e1mbitos.<\/p>\n<p class=\"x_MsoNormal\">&#8220;Es muy importante que a 70 a\u00f1os de la declaraci\u00f3n de los derechos humanos, abran las puertas del Congreso del Estado para la presentaci\u00f3n de esta obra en la que plasmo 11 a\u00f1os de trabajo dedicados a la investigaci\u00f3n&#8221;.<\/p>\n<p class=\"x_MsoNormal\">Asimismo, Jorge de Jes\u00fas Orozco Henr\u00edquez, investigador y expresidente de la Comisi\u00f3n Interamericana de Derechos Humanos, expres\u00f3 que en esta obra el autor hace un an\u00e1lisis del marco jur\u00eddico.<\/p>\n<p class=\"x_MsoNormal\">&#8220;La libertad de expresi\u00f3n es condicionante para tener una democracia, de ah\u00ed la importancia de este libro. Los derechos humanos han sido elemento articulador para sus estudios y aportaciones acad\u00e9micas, con una mirada cr\u00edtica y propositiva a nuestro marco jur\u00eddico, el investigador aborda temas cruciales en la nueva forma del derecho a la informaci\u00f3n, libertad de expresi\u00f3n y la importancia de rendici\u00f3n de cuentas de la funci\u00f3n p\u00fablica&#8221;.<\/p>\n<p class=\"x_MsoNormal\">Record\u00f3 que los derechos humanos dan forma a las libertades que perciben los mexicanos.<\/p>\n<p class=\"x_MsoNormal\">&#8220;Con la constitucionalizaci\u00f3n de los derechos humanos a trav\u00e9s de los \u00f3rganos nacionales con el derecho al acceso de la informaci\u00f3n, es un derecho fundamental que reviste una funci\u00f3n indispensable para tres prop\u00f3sitos como el ejercicio democr\u00e1tico, satisfacci\u00f3n de derechos econ\u00f3micos y sociales en sectores vulnerables, y la rendici\u00f3n de cuentas en el contexto nacional&#8221;.<\/p>\n<p class=\"x_MsoNormal\">Por otra parte, Carlos Vital Punzo, notario n\u00famero 93 en Morelia, invit\u00f3 a leer este libro que aportar\u00e1 a los criterios y conceptos judiciales en derechos humanos.<\/p>\n<p class=\"x_MsoNormal\">&#8220;El tema del acceso a la informaci\u00f3n se debe impulsar como un derecho fundamental. Recordamos cuando el doctor H\u00e9ctor P\u00e9rez Pintor aportaba y creaba contenido en la construcci\u00f3n de la materia, en esta obra veremos los criterios judiciales en acceso a la informaci\u00f3n, estudios de la libertad de imprenta y el tema del derecho de autor&#8221;.<\/p>\n<p class=\"x_MsoNormal\">De igual manera, Jorge Fernando Negrete Pacheco, director general de MediaTelecom, asever\u00f3 que en el texto se aborda la tutela de uno de los derechos fundamentales m\u00e1s antiguos que se tienen.<\/p>\n<p class=\"x_MsoNormal\">&#8220;Las transformaciones de nuestra vida cotidiana viene desde el surgimiento de los tel\u00e9fonos m\u00f3viles, internet, banda ancha, convergencia, an\u00e1lisis de los datos est\u00e1n inteligencia artificial desde donde se porta la informaci\u00f3n en cualquier espacio. Estos elementos fueron reconocidos como herramientas poderosas para acceder a otros derechos como educaci\u00f3n, cultura y salud&#8221;.<\/p>\n","protected":false},"excerpt":{"rendered":"<p>Reconoce Oscar Escobar la transparencia y acceso a la informaci\u00f3n como un derecho fundamental \u00a0 Morelia; Michoac\u00e1n, 13 de diciembre de 2018.-\u00a0Los diputados tenemos la obligaci\u00f3n de garantizar el acceso a la informaci\u00f3n y la transparencia como un derecho fundamental, por ello, reconocemos a personalidades como H\u00e9ctor P\u00e9rez Pintor, mismo que a trav\u00e9s de su [&hellip;]<\/p>\n","protected":false},"author":2,"featured_media":59688,"comment_status":"closed","ping_status":"closed","sticky":false,"template":"","format":"standard","meta":{"footnotes":""},"categories":[6],"tags":[],"class_list":["post-59687","post","type-post","status-publish","format-standard","has-post-thumbnail","hentry","category-congreso-del-estado"],"_links":{"self":[{"href":"https:\/\/radiowebmx.com\/nota\/wp-json\/wp\/v2\/posts\/59687","targetHints":{"allow":["GET"]}}],"collection":[{"href":"https:\/\/radiowebmx.com\/nota\/wp-json\/wp\/v2\/posts"}],"about":[{"href":"https:\/\/radiowebmx.com\/nota\/wp-json\/wp\/v2\/types\/post"}],"author":[{"embeddable":true,"href":"https:\/\/radiowebmx.com\/nota\/wp-json\/wp\/v2\/users\/2"}],"replies":[{"embeddable":true,"href":"https:\/\/radiowebmx.com\/nota\/wp-json\/wp\/v2\/comments?post=59687"}],"version-history":[{"count":1,"href":"https:\/\/radiowebmx.com\/nota\/wp-json\/wp\/v2\/posts\/59687\/revisions"}],"predecessor-version":[{"id":59689,"href":"https:\/\/radiowebmx.com\/nota\/wp-json\/wp\/v2\/posts\/59687\/revisions\/59689"}],"wp:featuredmedia":[{"embeddable":true,"href":"https:\/\/radiowebmx.com\/nota\/wp-json\/wp\/v2\/media\/59688"}],"wp:attachment":[{"href":"https:\/\/radiowebmx.com\/nota\/wp-json\/wp\/v2\/media?parent=59687"}],"wp:term":[{"taxonomy":"category","embeddable":true,"href":"https:\/\/radiowebmx.com\/nota\/wp-json\/wp\/v2\/categories?post=59687"},{"taxonomy":"post_tag","embeddable":true,"href":"https:\/\/radiowebmx.com\/nota\/wp-json\/wp\/v2\/tags?post=59687"}],"curies":[{"name":"wp","href":"https:\/\/api.w.org\/{rel}","templated":true}]}}