{"id":59684,"date":"2018-12-14T14:39:44","date_gmt":"2018-12-14T20:39:44","guid":{"rendered":"https:\/\/radiowebmx.com\/nota\/?p=59684"},"modified":"2018-12-14T14:39:44","modified_gmt":"2018-12-14T20:39:44","slug":"para-prd-pan-pri-verde-y-morena-no-urge-resolver-el-conflicto-politico-en-nahuatzen-brenda-fraga","status":"publish","type":"post","link":"https:\/\/radiowebmx.com\/nota\/para-prd-pan-pri-verde-y-morena-no-urge-resolver-el-conflicto-politico-en-nahuatzen-brenda-fraga\/","title":{"rendered":"Para PRD, PAN, PRI, Verde y MORENA no urge resolver el conflicto pol\u00edtico en Nahuatzen: Brenda Fraga"},"content":{"rendered":"<ul type=\"disc\">\n<li class=\"x_MsoNormal\"><strong><i>El pleno por mayor\u00eda determin\u00f3 enviar a comisiones exhorto al titular del poder ejecutivo para liberar a los integrantes del Concejo Ciudadano Ind\u00edgena de Nahuatzen<\/i><\/strong><\/li>\n<\/ul>\n<p class=\"x_MsoNormal\"><strong>\u00a0<\/strong><\/p>\n<p class=\"x_MsoNormal\"><b>Morelia; Michoac\u00e1n, 13 de diciembre de 2018.-<\/b>\u00a0La Coordinadora del Grupo Parlamentario del Partido del Trabajo en el Congreso del Estado, Brenda Fraga Guti\u00e9rrez, present\u00f3 un acuerdo por el que se busca exhortar al titular del Gobierno del Estado para que se hagan las gestiones necesarias para garantizar la libertad de los integrantes del Concejo Ciudadano Ind\u00edgena de Nahuatzen (CCIN), dicho punto se present\u00f3 con car\u00e1cter de urgente y obvia resoluci\u00f3n, sin embargo, por mayor\u00eda se envi\u00f3 a comisiones.<\/p>\n<p class=\"x_MsoNormal\">En la sesi\u00f3n ordinaria de este jueves las bancadas del PRD, el PAN, el PRI y el Partido Verde votaron en contra de considerar el documento de car\u00e1cter urgente, mientras que los legisladores de MORENA se abstuvieron de votar, con ello, el acuerdo presentado por Fraga Guti\u00e9rrez se env\u00eda a comisiones para su an\u00e1lisis y dictamen.<\/p>\n<p class=\"x_MsoNormal\">En su exposici\u00f3n de motivos la legisladora record\u00f3 que durante m\u00e1s de 3 a\u00f1os los integrantes del CCIN, reconocido por los tribunales desde 2017, han sido objeto de persecuci\u00f3n por las administraciones municipales de Miguel Prado Morales (2015-2018) y de David Otlica Avil\u00e9s (2018-2021), este \u00faltimo desaloj\u00e1ndolos violentamente del palacio municipal y acus\u00e1ndolos de robo calificado, robo de veh\u00edculos y sabotaje, raz\u00f3n por la cual tres integrantes del Concejo se encuentran detenidos desde hace un mes.<\/p>\n<p class=\"x_MsoNormal\">Ante este panorama la legisladora reiter\u00f3 \u201ces indispensable la cancelaci\u00f3n de las \u00f3rdenes de aprehensi\u00f3n y la libertad inmediata de los presos, pues las razones que los mantienen en la c\u00e1rcel, son presumiblemente pol\u00edticas y, por lo tanto, inaceptables en un estado democr\u00e1tico de derecho\u201d.<\/p>\n<p class=\"x_MsoNormal\">Y agreg\u00f3 \u201clos pobladores de Nahuatzen aspiran representar a un pueblo pac\u00edfico que apueste al di\u00e1logo como un instrumento que les permita resolver los conflictos con el gobierno municipal o con el gobierno estatal. En ese sentido, son una expresi\u00f3n que merece el respeto y una interlocuci\u00f3n efectiva para dialogar en este conflicto que tiene en riesgo la gobernabilidad de Nahuatzen\u201d<\/p>\n<p class=\"x_MsoNormal\">Por \u00faltimo la legisladora lament\u00f3 que las dem\u00e1s fracciones parlamentarias representadas en el Congreso de Michoac\u00e1n no voltearan los ojos al municipio de Nahuatzen, en donde por falta de sensibilidad pol\u00edtica, cientos de familias se encuentran en la incertidumbre y ante esta determinaci\u00f3n del pleno 3 personas inocentes se encuentren tras la rejas.<\/p>\n","protected":false},"excerpt":{"rendered":"<p>El pleno por mayor\u00eda determin\u00f3 enviar a comisiones exhorto al titular del poder ejecutivo para liberar a los integrantes del Concejo Ciudadano Ind\u00edgena de Nahuatzen \u00a0 Morelia; Michoac\u00e1n, 13 de diciembre de 2018.-\u00a0La Coordinadora del Grupo Parlamentario del Partido del Trabajo en el Congreso del Estado, Brenda Fraga Guti\u00e9rrez, present\u00f3 un acuerdo por el que [&hellip;]<\/p>\n","protected":false},"author":2,"featured_media":59685,"comment_status":"closed","ping_status":"closed","sticky":false,"template":"","format":"standard","meta":{"footnotes":""},"categories":[6],"tags":[],"class_list":["post-59684","post","type-post","status-publish","format-standard","has-post-thumbnail","hentry","category-congreso-del-estado"],"_links":{"self":[{"href":"https:\/\/radiowebmx.com\/nota\/wp-json\/wp\/v2\/posts\/59684","targetHints":{"allow":["GET"]}}],"collection":[{"href":"https:\/\/radiowebmx.com\/nota\/wp-json\/wp\/v2\/posts"}],"about":[{"href":"https:\/\/radiowebmx.com\/nota\/wp-json\/wp\/v2\/types\/post"}],"author":[{"embeddable":true,"href":"https:\/\/radiowebmx.com\/nota\/wp-json\/wp\/v2\/users\/2"}],"replies":[{"embeddable":true,"href":"https:\/\/radiowebmx.com\/nota\/wp-json\/wp\/v2\/comments?post=59684"}],"version-history":[{"count":1,"href":"https:\/\/radiowebmx.com\/nota\/wp-json\/wp\/v2\/posts\/59684\/revisions"}],"predecessor-version":[{"id":59686,"href":"https:\/\/radiowebmx.com\/nota\/wp-json\/wp\/v2\/posts\/59684\/revisions\/59686"}],"wp:featuredmedia":[{"embeddable":true,"href":"https:\/\/radiowebmx.com\/nota\/wp-json\/wp\/v2\/media\/59685"}],"wp:attachment":[{"href":"https:\/\/radiowebmx.com\/nota\/wp-json\/wp\/v2\/media?parent=59684"}],"wp:term":[{"taxonomy":"category","embeddable":true,"href":"https:\/\/radiowebmx.com\/nota\/wp-json\/wp\/v2\/categories?post=59684"},{"taxonomy":"post_tag","embeddable":true,"href":"https:\/\/radiowebmx.com\/nota\/wp-json\/wp\/v2\/tags?post=59684"}],"curies":[{"name":"wp","href":"https:\/\/api.w.org\/{rel}","templated":true}]}}