{"id":59681,"date":"2018-12-14T14:36:03","date_gmt":"2018-12-14T20:36:03","guid":{"rendered":"https:\/\/radiowebmx.com\/nota\/?p=59681"},"modified":"2018-12-14T14:36:03","modified_gmt":"2018-12-14T20:36:03","slug":"deben-armonizarse-39-leyes-en-michoacan-para-cambiar-la-figura-de-procurador-a-fiscal-fermin-bernabe","status":"publish","type":"post","link":"https:\/\/radiowebmx.com\/nota\/deben-armonizarse-39-leyes-en-michoacan-para-cambiar-la-figura-de-procurador-a-fiscal-fermin-bernabe\/","title":{"rendered":"Deben armonizarse 39 leyes en Michoac\u00e1n para cambiar la figura de Procurador a Fiscal: Ferm\u00edn Bernab\u00e9"},"content":{"rendered":"<p class=\"x_MsoNormal\"><b>Morelia; Michoac\u00e1n, 13 de diciembre de 2018.-<\/b>\u00a0Tras investigar en los ordenamientos estatales, aquellos que conten\u00edan a\u00fan figura de Procurador General de Justicia y no la de Fiscal General, encontramos que son 39 las leyes pendientes de ser armonizadas.<\/p>\n<p class=\"x_MsoNormal\">As\u00ed lo expuso el diputado local por el Distrito Morelia 10, Ferm\u00edn Bernab\u00e9 Bahena, quien present\u00f3 este d\u00eda, una Iniciativa de Ley para homologar la legislaci\u00f3n local vigente con la federal, que ya establece el cambio de figura de Procurador a Fiscal.<\/p>\n<p class=\"x_MsoNormal\">El legislador hizo referencia a la consideraci\u00f3n de Garc\u00eda Maynes, quien sostiene que \u201cLos principios generales del Derecho tienen car\u00e1cter de normas, pues s\u00f3lo as\u00ed pueden cumplir con su labor de integraci\u00f3n de la Ley, agregando que \u201cla certeza jur\u00eddica radica en que las acciones que se efect\u00faen, ser\u00e1n veraces, reales y apegados a los hechos, a fin de que el resultado de los procesos sean completamente verificables\u201d.<\/p>\n<p class=\"x_MsoNormal\">Por lo anterior, Bernab\u00e9 Bahena, expres\u00f3 la necesidad de que se tomen cartas en el asunto y se modifiquen los art\u00edculos que deban ser modificados, cumpliendo as\u00ed con un compromiso que se tiene con el pueblo de Michoac\u00e1n, en cuanto homologar las leyes locales a las federales.<\/p>\n<p class=\"x_MsoNormal\">Asimismo, el Diputado Bernab\u00e9 record\u00f3 que fue desde el pasado mes de julio de este mismo a\u00f1o, cuando la LXXIII Legislatura de Michoac\u00e1n, aprob\u00f3 la reforma constitucional con la finalidad de transformar la figura de Procuradur\u00eda a Fiscal\u00eda del Estado, quedando ya publicado en agosto de este 2018 en el Peri\u00f3dico Oficial del Gobierno Constitucional del Estado.<\/p>\n<p class=\"x_MsoNormal\">\u201cYa es tiempo de hacer lo que nos corresponde para cerrar esta tarea que tenemos pendiente. Es urgente que se armonicen las 39 leyes que tenemos pendientes. Es necesario que sigamos cumpliendo a los michoacanos\u201d, termin\u00f3.<\/p>\n","protected":false},"excerpt":{"rendered":"<p>Morelia; Michoac\u00e1n, 13 de diciembre de 2018.-\u00a0Tras investigar en los ordenamientos estatales, aquellos que conten\u00edan a\u00fan figura de Procurador General de Justicia y no la de Fiscal General, encontramos que son 39 las leyes pendientes de ser armonizadas. As\u00ed lo expuso el diputado local por el Distrito Morelia 10, Ferm\u00edn Bernab\u00e9 Bahena, quien present\u00f3 este [&hellip;]<\/p>\n","protected":false},"author":2,"featured_media":59682,"comment_status":"closed","ping_status":"closed","sticky":false,"template":"","format":"standard","meta":{"footnotes":""},"categories":[6],"tags":[],"class_list":["post-59681","post","type-post","status-publish","format-standard","has-post-thumbnail","hentry","category-congreso-del-estado"],"_links":{"self":[{"href":"https:\/\/radiowebmx.com\/nota\/wp-json\/wp\/v2\/posts\/59681","targetHints":{"allow":["GET"]}}],"collection":[{"href":"https:\/\/radiowebmx.com\/nota\/wp-json\/wp\/v2\/posts"}],"about":[{"href":"https:\/\/radiowebmx.com\/nota\/wp-json\/wp\/v2\/types\/post"}],"author":[{"embeddable":true,"href":"https:\/\/radiowebmx.com\/nota\/wp-json\/wp\/v2\/users\/2"}],"replies":[{"embeddable":true,"href":"https:\/\/radiowebmx.com\/nota\/wp-json\/wp\/v2\/comments?post=59681"}],"version-history":[{"count":1,"href":"https:\/\/radiowebmx.com\/nota\/wp-json\/wp\/v2\/posts\/59681\/revisions"}],"predecessor-version":[{"id":59683,"href":"https:\/\/radiowebmx.com\/nota\/wp-json\/wp\/v2\/posts\/59681\/revisions\/59683"}],"wp:featuredmedia":[{"embeddable":true,"href":"https:\/\/radiowebmx.com\/nota\/wp-json\/wp\/v2\/media\/59682"}],"wp:attachment":[{"href":"https:\/\/radiowebmx.com\/nota\/wp-json\/wp\/v2\/media?parent=59681"}],"wp:term":[{"taxonomy":"category","embeddable":true,"href":"https:\/\/radiowebmx.com\/nota\/wp-json\/wp\/v2\/categories?post=59681"},{"taxonomy":"post_tag","embeddable":true,"href":"https:\/\/radiowebmx.com\/nota\/wp-json\/wp\/v2\/tags?post=59681"}],"curies":[{"name":"wp","href":"https:\/\/api.w.org\/{rel}","templated":true}]}}