{"id":59678,"date":"2018-12-14T14:32:34","date_gmt":"2018-12-14T20:32:34","guid":{"rendered":"https:\/\/radiowebmx.com\/nota\/?p=59678"},"modified":"2018-12-14T14:32:34","modified_gmt":"2018-12-14T20:32:34","slug":"asiste-cristina-portillo-a-celebracion-del-dia-del-migrante","status":"publish","type":"post","link":"https:\/\/radiowebmx.com\/nota\/asiste-cristina-portillo-a-celebracion-del-dia-del-migrante\/","title":{"rendered":"Asiste Cristina Portillo a Celebraci\u00f3n del D\u00eda del Migrante"},"content":{"rendered":"<p><b>Morelia; Michoac\u00e1n, 13 de diciembre de 2018.-<\/b>\u00a0Con el compromiso de reforzar los instrumentos legales que permitan perfeccionar y mejorar los programas de acompa\u00f1amiento para el sector migrante, la diputada presidente de la Comisi\u00f3n de Migraci\u00f3n del Congreso local, Cristina Portillo, asisti\u00f3 a la Celebraci\u00f3n D\u00eda del Migrante Michoacano 2018.<\/p>\n","protected":false},"excerpt":{"rendered":"<p>Morelia; Michoac\u00e1n, 13 de diciembre de 2018.-\u00a0Con el compromiso de reforzar los instrumentos legales que permitan perfeccionar y mejorar los programas de acompa\u00f1amiento para el sector migrante, la diputada presidente de la Comisi\u00f3n de Migraci\u00f3n del Congreso local, Cristina Portillo, asisti\u00f3 a la Celebraci\u00f3n D\u00eda del Migrante Michoacano 2018.<\/p>\n","protected":false},"author":2,"featured_media":59679,"comment_status":"closed","ping_status":"closed","sticky":false,"template":"","format":"standard","meta":{"footnotes":""},"categories":[6],"tags":[],"class_list":["post-59678","post","type-post","status-publish","format-standard","has-post-thumbnail","hentry","category-congreso-del-estado"],"_links":{"self":[{"href":"https:\/\/radiowebmx.com\/nota\/wp-json\/wp\/v2\/posts\/59678","targetHints":{"allow":["GET"]}}],"collection":[{"href":"https:\/\/radiowebmx.com\/nota\/wp-json\/wp\/v2\/posts"}],"about":[{"href":"https:\/\/radiowebmx.com\/nota\/wp-json\/wp\/v2\/types\/post"}],"author":[{"embeddable":true,"href":"https:\/\/radiowebmx.com\/nota\/wp-json\/wp\/v2\/users\/2"}],"replies":[{"embeddable":true,"href":"https:\/\/radiowebmx.com\/nota\/wp-json\/wp\/v2\/comments?post=59678"}],"version-history":[{"count":1,"href":"https:\/\/radiowebmx.com\/nota\/wp-json\/wp\/v2\/posts\/59678\/revisions"}],"predecessor-version":[{"id":59680,"href":"https:\/\/radiowebmx.com\/nota\/wp-json\/wp\/v2\/posts\/59678\/revisions\/59680"}],"wp:featuredmedia":[{"embeddable":true,"href":"https:\/\/radiowebmx.com\/nota\/wp-json\/wp\/v2\/media\/59679"}],"wp:attachment":[{"href":"https:\/\/radiowebmx.com\/nota\/wp-json\/wp\/v2\/media?parent=59678"}],"wp:term":[{"taxonomy":"category","embeddable":true,"href":"https:\/\/radiowebmx.com\/nota\/wp-json\/wp\/v2\/categories?post=59678"},{"taxonomy":"post_tag","embeddable":true,"href":"https:\/\/radiowebmx.com\/nota\/wp-json\/wp\/v2\/tags?post=59678"}],"curies":[{"name":"wp","href":"https:\/\/api.w.org\/{rel}","templated":true}]}}