{"id":5965,"date":"2014-03-11T11:30:35","date_gmt":"2014-03-11T17:30:35","guid":{"rendered":"https:\/\/radiowebmx.com\/nota\/?p=5965"},"modified":"2014-03-11T11:30:35","modified_gmt":"2014-03-11T17:30:35","slug":"la-gente-de-michoacan-es-de-primera-y-hay-que-atenderla-de-primera-osorio-chong","status":"publish","type":"post","link":"https:\/\/radiowebmx.com\/nota\/la-gente-de-michoacan-es-de-primera-y-hay-que-atenderla-de-primera-osorio-chong\/","title":{"rendered":"LA GENTE DE MICHOAC\u00c1N ES DE PRIMERA Y HAY QUE ATENDERLA DE PRIMERA: OSORIO CHONG"},"content":{"rendered":"<p><img loading=\"lazy\" decoding=\"async\" class=\"alignleft size-full wp-image-5966\" alt=\"DSC_1398\" src=\"https:\/\/radiowebmx.com\/nota\/wp-content\/uploads\/2014\/03\/DSC_1398.jpg\" width=\"591\" height=\"325\" \/><\/p>\n<p>La gente de Michoac\u00e1n es de primera y hay que atenderla de primera, asever\u00f3 el secretario de Gobernaci\u00f3n, Miguel \u00c1ngel Osorio Chong, en la cl\u00ednica del IMSS Oportunidades de Buenavista Tomatl\u00e1n donde, en el marco de la presentaci\u00f3n del Plan Michoac\u00e1n, \u201cEn Salud, Juntos lo vamos a lograr\u201d, anunci\u00f3 la construcci\u00f3n de un Hospital del ISSSTE en Tepalcatepec y uno del IMSS en Coalcom\u00e1n, as\u00ed como una nueva visita del presidente de la Rep\u00fablica, Enrique Pe\u00f1a Nieto.<\/p>\n<p>Por su parte, el gobernador del Estado, Fausto Vallejo Figueroa, afirm\u00f3 que en pol\u00edtica, lo que cuenta son los resultados que ya empiezan a verse con las carreteras, los hospitales, las obras hidr\u00e1ulicas, los aspectos de salud, la asistencia social y la educaci\u00f3n.<\/p>\n<p>En presencia de la secretaria de Salud, Mercedes Juan L\u00f3pez; del director general del Seguro Social,\u00a0 Juan Antonio Gonz\u00e1lez Anaya; y del comisionado por la Seguridad y el Desarrollo Integral de Michoac\u00e1n, Alfredo Castillo Cervantes, el mandatario pregunt\u00f3: \u201c\u00bfcu\u00e1ndo hab\u00edamos visto un apoyo tan extraordinario del Gobierno de la Rep\u00fablica?, al tiempo que se\u00f1al\u00f3 que aunque Enrique Pe\u00f1a Nieto no es michoacano, parece que quiere m\u00e1s a Michoac\u00e1n que muchos michoacanos, as\u00ed que felicidades\u201d.<\/p>\n<p>Destac\u00f3 Vallejo Figueroa el resultado de las Segundas Jornadas Quir\u00fargicas Extramuros donde alrededor de 200 personas con ceguera fueron intervenidos para quitarles las cataratas y m\u00e1s de cien m\u00e1s recibir\u00e1n atenci\u00f3n en este sentido.<\/p>\n<p>En lo que fue un di\u00e1logo con habitantes de esta regi\u00f3n de la Tierra Caliente de Michoac\u00e1n, el titular de SEGOB precis\u00f3 que lo que movi\u00f3 a las autoridades federales a intervenir en la entidad fue el tema de la seguridad, \u201cayer fue un d\u00eda muy importante porque la acci\u00f3n conjunta est\u00e1 dando resultados; estamos yendo por los l\u00edderes, por todos aquellos que est\u00e1n cometiendo actos il\u00edcitos, a esos que est\u00e1n lastimando a las familias, no les permitiremos que sigan adelante\u201d, subray\u00f3.<\/p>\n<p>Hay muchas cosas qu\u00e9 hacer por este gran Estado al que se le abandon\u00f3 por muchos a\u00f1os, dijo Osorio Chong y refiri\u00f3 que debe atend\u00e9rsele con agua potable, drenaje y pavimentaciones, pues es apremiante resolver estas cuestiones, \u201chay plan agresivo para electrificaciones y acciones en carreteras\u201d, precis\u00f3.<\/p>\n<p>Record\u00f3 que se realiza ya la construcci\u00f3n del Hospital General en Morelia y el Hospital Infantil, as\u00ed como la continuaci\u00f3n de la obra del nuevo Hospital Regional de Apatzing\u00e1n, pues el antiguo ya sobrepasaba los 40 a\u00f1os.<\/p>\n<p>El encargado de la Pol\u00edtica Interna del pa\u00eds inform\u00f3 que por instrucci\u00f3n del presidente se hace un estudio sobre el abastecimiento de la medicina para atender lo que sea necesario y las cl\u00ednicas cuenten con personal suficiente.<\/p>\n<p>\u201cEn menos de un mes diez d\u00edas, ya iniciamos carreteras, electrificaciones, obras de aguas potables, cl\u00ednicas, apoyo al sector del comercio, entre otras realidades\u201d, recalc\u00f3.<\/p>\n<p>Reiter\u00f3 que las fuerzas federales no se ir\u00e1n del Estado hasta que est\u00e9n constituidas las capacidades de la Secretar\u00eda de Seguridad P\u00fablica y de la Procuradur\u00eda General de Justicia del Estado, hasta que sean de primer nivel como lo merecen los michoacanos para su tranquilidad, \u201cse est\u00e1 sintiendo que ya se puede estar con sus familias en paz; los que siguen, son los proyectos de bienestar, de estar en mejores condiciones, por lo que necesitamos su participaci\u00f3n, que cada vez m\u00e1s se involucren, estamos convenidos que juntos vamos a lograrlo\u201d, expuso.<\/p>\n<p>A su vez, Guillermo Ram\u00edrez Torres, de 70 a\u00f1os, originario de Apatzing\u00e1n, agradeci\u00f3\u00a0 a nombre de los beneficiados, \u201cestoy feliz y encantado de la vida con una mejora evidente de mi vista\u201d e hizo hincapi\u00e9 en que no hubiera podido pagar con recursos propios la operaci\u00f3n porque le hubiera costado m\u00e1s de 20 mil pesos.<\/p>\n<p>Gabriel O`Shea Cuevas, enlace de la federaci\u00f3n con Michoac\u00e1n en materia de salud,\u00a0 resalt\u00f3 que las cirug\u00edas realizadas a los afiliados del Seguro Popular, les cambia la vida a las personas, \u201cse trata de acercar servicios a quienes menos tienen y m\u00e1s lo necesitan\u201d.<\/p>\n<p>En tanto que la secretaria de Salud, Mercedes Juan, destac\u00f3 la solidaridad de los m\u00e9dicos participantes en las jornadas, \u201cque vinieron de manera muy generosa a entregar todas sus destrezas y capacidades en favor de la comunidad de Michoac\u00e1n\u201d.<\/p>\n<p>Jos\u00e9 Antonio Gonz\u00e1lez Anaya, director general del IMSS agradeci\u00f3 a los doctores que \u201cse vienen a trabajar de sol a sol para llevar a cabo estas acciones\u201d, e inform\u00f3 que habr\u00e1 otras jornadas en Ario de Rosales y Coalcom\u00e1n, as\u00ed como en el resto del estado en los pr\u00f3ximos meses.<\/p>\n<p>Por su parte, el secretario de Salud estatal, Rafael D\u00edaz Rodr\u00edguez, dijo que para los michoacanos y especialmente para los que viven en el coraz\u00f3n de la regi\u00f3n de Tierra Caliente, se abri\u00f3 la esperanza de la paz y la armon\u00eda social, \u201choy empieza a verse la posibilidad de un presente distinto y sobre todo, un ma\u00f1ana m\u00e1s prometedor\u201d.<\/p>\n<p>Durante el evento, el gobernador y las autoridades federales entregaron 40 reconocimientos a las auxiliares de salud comunitaria de la jurisdicci\u00f3n de Apatzing\u00e1n, dieron inicio a la Segunda Jornada M\u00e9dica Extramuros y a la Feria de la Salud.<\/p>\n<p>Luego, las autoridades participaron en una reuni\u00f3n con productores del Estado, en donde estuvieron presentes el delegado de Sagarpa, Pedro Luis Ben\u00edtez V\u00e9lez; as\u00ed como el secretario de Desarrollo Rural de la entidad, Ram\u00f3n Cano Vega.<\/p>\n<p>En las actividades encabezadas por el secretario de Gobernaci\u00f3n, estuvieron presentes el diputado federal, Salvador Ortiz Garc\u00eda; el diputado local, Leonardo Guzm\u00e1n Mares, as\u00ed como servidores p\u00fablicos federales, estatales y municipales.<\/p>\n","protected":false},"excerpt":{"rendered":"<p>La gente de Michoac\u00e1n es de primera y hay que atenderla de primera, asever\u00f3 el secretario de Gobernaci\u00f3n, Miguel \u00c1ngel Osorio Chong, en la cl\u00ednica del IMSS Oportunidades de Buenavista Tomatl\u00e1n donde, en el marco de la presentaci\u00f3n del Plan Michoac\u00e1n, <\/p>\n","protected":false},"author":1,"featured_media":0,"comment_status":"open","ping_status":"open","sticky":false,"template":"","format":"standard","meta":{"footnotes":""},"categories":[14,3],"tags":[],"class_list":["post-5965","post","type-post","status-publish","format-standard","hentry","category-destacadas","category-gobierno-del-estado-de-michoacan"],"_links":{"self":[{"href":"https:\/\/radiowebmx.com\/nota\/wp-json\/wp\/v2\/posts\/5965","targetHints":{"allow":["GET"]}}],"collection":[{"href":"https:\/\/radiowebmx.com\/nota\/wp-json\/wp\/v2\/posts"}],"about":[{"href":"https:\/\/radiowebmx.com\/nota\/wp-json\/wp\/v2\/types\/post"}],"author":[{"embeddable":true,"href":"https:\/\/radiowebmx.com\/nota\/wp-json\/wp\/v2\/users\/1"}],"replies":[{"embeddable":true,"href":"https:\/\/radiowebmx.com\/nota\/wp-json\/wp\/v2\/comments?post=5965"}],"version-history":[{"count":1,"href":"https:\/\/radiowebmx.com\/nota\/wp-json\/wp\/v2\/posts\/5965\/revisions"}],"predecessor-version":[{"id":5967,"href":"https:\/\/radiowebmx.com\/nota\/wp-json\/wp\/v2\/posts\/5965\/revisions\/5967"}],"wp:attachment":[{"href":"https:\/\/radiowebmx.com\/nota\/wp-json\/wp\/v2\/media?parent=5965"}],"wp:term":[{"taxonomy":"category","embeddable":true,"href":"https:\/\/radiowebmx.com\/nota\/wp-json\/wp\/v2\/categories?post=5965"},{"taxonomy":"post_tag","embeddable":true,"href":"https:\/\/radiowebmx.com\/nota\/wp-json\/wp\/v2\/tags?post=5965"}],"curies":[{"name":"wp","href":"https:\/\/api.w.org\/{rel}","templated":true}]}}